{"id":35964,"date":"2025-09-04T18:55:26","date_gmt":"2025-09-04T18:55:26","guid":{"rendered":"https:\/\/radiocresatelital.com\/?p=35964"},"modified":"2025-09-04T18:55:26","modified_gmt":"2025-09-04T18:55:26","slug":"bahia-inicia-su-transformacion-para-impulsar-el-corazon-comercial-de-guayaquil","status":"publish","type":"post","link":"https:\/\/radiocresatelital.com\/?p=35964","title":{"rendered":"Bah\u00eda inicia su transformaci\u00f3n para impulsar el coraz\u00f3n comercial de Guayaquil"},"content":{"rendered":"<p>Guayaquil.- Con el objetivo de reactivar uno de los puntos comerciales m\u00e1s importantes de Guayaquil, la Alcald\u00eda inici\u00f3 una intervenci\u00f3n integral en la Bah\u00eda que mejorar\u00e1 su infraestructura y potenciar\u00e1 su actividad econ\u00f3mica.<\/p>\n<p>Este jueves 4 de septiembre, el alcalde Aquiles Alvarez lider\u00f3 el inicio de los trabajos, cumpliendo la promesa hecha a los comerciantes durante su visita del 14 de agosto.<\/p>\n<p>\u201cLo m\u00e1s importante es que aqu\u00ed cumplimos, aqu\u00ed no se queda en palabras, aqu\u00ed cumplimos, nos ha costado mucho trabajar con la SERCOP por este contrato que se viene esperando desde hace mucho tiempo para arreglar y tener a la Bah\u00eda como la debemos tener siempre, para nosotros es el coraz\u00f3n comercial de Guayaquil, la necesitamos bien siempre\u201d, asegur\u00f3 el Burgomaestre.<\/p>\n<p>Con m\u00e1s de 4.000 comerciantes distribuidos en 16 hect\u00e1reas, la intervenci\u00f3n garantizar\u00e1 espacios \u00f3ptimos para su operaci\u00f3n. Fernando Cornejo, presidente de Segura EP, resalt\u00f3 que los trabajos, ejecutados por la Fundaci\u00f3n Siglo XXI, permitir\u00e1n a la Bah\u00eda estar lista para la temporada invernal.<\/p>\n<p><strong>Entre las acciones contempladas se incluyen:<\/strong><br \/>\n\u2022 Mantenimiento de pintura de los cinco portones met\u00e1licos.<br \/>\n\u2022 Cambio de lonas tensomembranas da\u00f1adas de las cubiertas.<br \/>\n\u2022 Sustituci\u00f3n de tapas de hormig\u00f3n armado en cunetas de aguas lluvias corro\u00eddas.<br \/>\n\u2022 Renovaci\u00f3n de canalones met\u00e1licos y bajantes de PVC da\u00f1ados.<br \/>\n\u2022 Reposici\u00f3n de planchas trasl\u00facidas quebradas.<br \/>\n\u2022 Reparaci\u00f3n de tensores y puertas met\u00e1licas de ingreso.<br \/>\n\u2022 Rehabilitaci\u00f3n de mallas electrosoldadas en el cerramiento perimetral.<br \/>\n\u2022 Instalaci\u00f3n y reposici\u00f3n de porcelanato.<\/p>\n<p>Yesenia Astudillo, integrante de la Asociaci\u00f3n 30 de Agosto, con 30 a\u00f1os de experiencia en el sector, destac\u00f3 el impacto positivo de la intervenci\u00f3n. \u201cEstamos contentos los socios de todas las Bah\u00edas por las pro-mejoras que va a dar el Alcalde puesto que a nosotros nos beneficia en su totalidad el buen manejo que est\u00e1 haciendo con la Bah\u00eda,<br \/>\nsomos comerciantes regularizados\u201d, afirm\u00f3.<\/p>\n","protected":false},"excerpt":{"rendered":"<p>Guayaquil.- Con el objetivo de reactivar uno de los puntos comerciales m\u00e1s importantes de Guayaquil, la Alcald\u00eda inici\u00f3 una intervenci\u00f3n integral en la Bah\u00eda que mejorar\u00e1 su infraestructura y potenciar\u00e1 su actividad econ\u00f3mica. Este jueves 4 de septiembre, el alcalde Aquiles Alvarez lider\u00f3 el inicio de los trabajos, cumpliendo la promesa hecha a los comerciantes [&hellip;]<\/p>\n","protected":false},"author":2,"featured_media":35965,"comment_status":"open","ping_status":"closed","sticky":false,"template":"","format":"standard","meta":{"_jetpack_memberships_contains_paid_content":false,"footnotes":""},"categories":[33,13],"tags":[1519],"class_list":["post-35964","post","type-post","status-publish","format-standard","has-post-thumbnail","hentry","category-guayaquil","category-noticias-nacionales","tag-alcalde-aquiles-alvarez"],"jetpack_featured_media_url":"https:\/\/radiocresatelital.com\/wp-content\/uploads\/2025\/09\/3-scaled.jpeg","jetpack_sharing_enabled":true,"_links":{"self":[{"href":"https:\/\/radiocresatelital.com\/index.php?rest_route=\/wp\/v2\/posts\/35964","targetHints":{"allow":["GET"]}}],"collection":[{"href":"https:\/\/radiocresatelital.com\/index.php?rest_route=\/wp\/v2\/posts"}],"about":[{"href":"https:\/\/radiocresatelital.com\/index.php?rest_route=\/wp\/v2\/types\/post"}],"author":[{"embeddable":true,"href":"https:\/\/radiocresatelital.com\/index.php?rest_route=\/wp\/v2\/users\/2"}],"replies":[{"embeddable":true,"href":"https:\/\/radiocresatelital.com\/index.php?rest_route=%2Fwp%2Fv2%2Fcomments&post=35964"}],"version-history":[{"count":1,"href":"https:\/\/radiocresatelital.com\/index.php?rest_route=\/wp\/v2\/posts\/35964\/revisions"}],"predecessor-version":[{"id":35966,"href":"https:\/\/radiocresatelital.com\/index.php?rest_route=\/wp\/v2\/posts\/35964\/revisions\/35966"}],"wp:featuredmedia":[{"embeddable":true,"href":"https:\/\/radiocresatelital.com\/index.php?rest_route=\/wp\/v2\/media\/35965"}],"wp:attachment":[{"href":"https:\/\/radiocresatelital.com\/index.php?rest_route=%2Fwp%2Fv2%2Fmedia&parent=35964"}],"wp:term":[{"taxonomy":"category","embeddable":true,"href":"https:\/\/radiocresatelital.com\/index.php?rest_route=%2Fwp%2Fv2%2Fcategories&post=35964"},{"taxonomy":"post_tag","embeddable":true,"href":"https:\/\/radiocresatelital.com\/index.php?rest_route=%2Fwp%2Fv2%2Ftags&post=35964"}],"curies":[{"name":"wp","href":"https:\/\/api.w.org\/{rel}","templated":true}]}}