{"id":35961,"date":"2025-09-04T18:50:06","date_gmt":"2025-09-04T18:50:06","guid":{"rendered":"https:\/\/radiocresatelital.com\/?p=35961"},"modified":"2025-09-04T18:50:06","modified_gmt":"2025-09-04T18:50:06","slug":"2-camiones-recuperados-por-el-sistema-de-monitoreo-de-seguridad-vial-de-la-prefectura-ciudadana-del-guayas","status":"publish","type":"post","link":"https:\/\/radiocresatelital.com\/?p=35961","title":{"rendered":"2 camiones recuperados por el Sistema de Monitoreo de Seguridad Vial de la Prefectura Ciudadana del Guayas"},"content":{"rendered":"<p><span style=\"font-weight: 400;\">Guayaquil.- Dos camiones reportados como robados lograron ser recuperados a trav\u00e9s del Sistema de Monitoreo de Seguridad Vial con Inteligencia Artificial implementado por la Prefectura Ciudadana del Guayas en el corredor Guayaquil-Cuenca.\u00a0<\/span><\/p>\n<p><span style=\"font-weight: 400;\">En articulaci\u00f3n con el ECU 911 de Samborond\u00f3n y la Polic\u00eda Nacional, el monitoreo en tiempo real y el cruce de datos con el sistema de reconocimiento vehicular permiti\u00f3 rastrear e identificar la ubicaci\u00f3n de ambas unidades en los nodos 001, 003, 004 y 006.<\/span><\/p>\n<p><span style=\"font-weight: 400;\">El resultado fue inmediato. Una vez que se activ\u00f3 el protocolo de coordinaci\u00f3n interinstitucional, se logr\u00f3 la recuperaci\u00f3n de las dos unidades, reafirmando que el sistema ideado por la prefecta Marcela Agui\u00f1aga refuerza la seguridad ciudadana y la protecci\u00f3n del transporte en la red vial del Guayas.<\/span><\/p>\n<p><span style=\"font-weight: 400;\">Desde que fue presentado, el pasado 5 de agosto, el Sistema de Monitoreo ha brindado apoyo en seguimiento a decenas de veh\u00edculos en los \u00faltimos operativos de transporte y tambi\u00e9n permiti\u00f3 que se rescatara con vida a tres personas que hab\u00edan sido v\u00edctimas de secuestro.<\/span><\/p>\n<p><span style=\"font-weight: 400;\">En total, son 60 las c\u00e1maras ubicadas en 15 puntos estrat\u00e9gicos, para vigilar 81 kil\u00f3metros en las v\u00edas Dur\u00e1n-Boliche y Dur\u00e1n-Tambo hasta el sector Tamarindo, en el l\u00edmite provincial con Azuay. Estos ojos tecnol\u00f3gicos y la IA se combinan para hacer videoanal\u00edtica. Es decir, no solo graban, sino que, adem\u00e1s, generan alertas autom\u00e1ticas por veh\u00edculos sin placas, con caracter\u00edsticas alteradas, sospechosos de secuestro y m\u00e1s.<\/span><\/p>\n","protected":false},"excerpt":{"rendered":"<p>Guayaquil.- Dos camiones reportados como robados lograron ser recuperados a trav\u00e9s del Sistema de Monitoreo de Seguridad Vial con Inteligencia Artificial implementado por la Prefectura Ciudadana del Guayas en el corredor Guayaquil-Cuenca.\u00a0 En articulaci\u00f3n con el ECU 911 de Samborond\u00f3n y la Polic\u00eda Nacional, el monitoreo en tiempo real y el cruce de datos con [&hellip;]<\/p>\n","protected":false},"author":2,"featured_media":35962,"comment_status":"open","ping_status":"closed","sticky":false,"template":"","format":"standard","meta":{"_jetpack_memberships_contains_paid_content":false,"footnotes":""},"categories":[13],"tags":[5708,415],"class_list":["post-35961","post","type-post","status-publish","format-standard","has-post-thumbnail","hentry","category-noticias-nacionales","tag-monitoreo-de-seguridad-vial-con-inteligencia-artificial","tag-prefectura-ciudadana-del-guayas"],"jetpack_featured_media_url":"https:\/\/radiocresatelital.com\/wp-content\/uploads\/2025\/09\/IMG-20250904-WA0006.jpg","jetpack_sharing_enabled":true,"_links":{"self":[{"href":"https:\/\/radiocresatelital.com\/index.php?rest_route=\/wp\/v2\/posts\/35961","targetHints":{"allow":["GET"]}}],"collection":[{"href":"https:\/\/radiocresatelital.com\/index.php?rest_route=\/wp\/v2\/posts"}],"about":[{"href":"https:\/\/radiocresatelital.com\/index.php?rest_route=\/wp\/v2\/types\/post"}],"author":[{"embeddable":true,"href":"https:\/\/radiocresatelital.com\/index.php?rest_route=\/wp\/v2\/users\/2"}],"replies":[{"embeddable":true,"href":"https:\/\/radiocresatelital.com\/index.php?rest_route=%2Fwp%2Fv2%2Fcomments&post=35961"}],"version-history":[{"count":1,"href":"https:\/\/radiocresatelital.com\/index.php?rest_route=\/wp\/v2\/posts\/35961\/revisions"}],"predecessor-version":[{"id":35963,"href":"https:\/\/radiocresatelital.com\/index.php?rest_route=\/wp\/v2\/posts\/35961\/revisions\/35963"}],"wp:featuredmedia":[{"embeddable":true,"href":"https:\/\/radiocresatelital.com\/index.php?rest_route=\/wp\/v2\/media\/35962"}],"wp:attachment":[{"href":"https:\/\/radiocresatelital.com\/index.php?rest_route=%2Fwp%2Fv2%2Fmedia&parent=35961"}],"wp:term":[{"taxonomy":"category","embeddable":true,"href":"https:\/\/radiocresatelital.com\/index.php?rest_route=%2Fwp%2Fv2%2Fcategories&post=35961"},{"taxonomy":"post_tag","embeddable":true,"href":"https:\/\/radiocresatelital.com\/index.php?rest_route=%2Fwp%2Fv2%2Ftags&post=35961"}],"curies":[{"name":"wp","href":"https:\/\/api.w.org\/{rel}","templated":true}]}}