{"id":35958,"date":"2025-09-04T18:46:04","date_gmt":"2025-09-04T18:46:04","guid":{"rendered":"https:\/\/radiocresatelital.com\/?p=35958"},"modified":"2025-09-04T18:46:04","modified_gmt":"2025-09-04T18:46:04","slug":"fundacion-ana-y-constructores-positivos-firman-convenio-para-abrir-oportunidades-a-mujeres-en-la-construccion","status":"publish","type":"post","link":"https:\/\/radiocresatelital.com\/?p=35958","title":{"rendered":"Fundaci\u00f3n ANA y Constructores Positivos firman convenio para abrir oportunidades a mujeres en la construcci\u00f3n"},"content":{"rendered":"<p>Quito. \u2013 Con el objetivo de reducir la brecha laboral de g\u00e9nero en uno de los sectores m\u00e1s importantes de la econom\u00eda ecuatoriana, la Fundaci\u00f3n ANA y Constructores Positivos firmaron un convenio de cooperaci\u00f3n que permitir\u00e1 capacitar a mujeres en oficios vinculados a la construcci\u00f3n, como soldadura, plomer\u00eda, electricidad y colocaci\u00f3n de gypsum.<\/p>\n<p>Actualmente, la industria de la construcci\u00f3n emplea a m\u00e1s de 500.000 personas en el Ecuador, pero solo el 3,9% corresponde a mujeres. Esta cifra refleja una brecha hist\u00f3rica que el convenio busca transformar mediante programas de formaci\u00f3n, inclusi\u00f3n y acompa\u00f1amiento.<\/p>\n<p>\u201cNuestro mensaje es claro: las mujeres tambi\u00e9n construyen futuro. Con capacitaci\u00f3n y aliados comprometidos, ellas podr\u00e1n levantar hogares, levantar ciudades y sus propios proyectos de vida\u201d, se\u00f1al\u00f3 Lavinia Valbonesi, fundadora de la Fundaci\u00f3n ANA.<\/p>\n<p>Como parte de este compromiso, se prev\u00e9 la entrega inicial de dos viviendas, y el plan contempla la construcci\u00f3n de otras m\u00e1s en los pr\u00f3ximos meses. Estas acciones reflejan el alcance real del convenio y su capacidad de generar impacto concreto en la vida de las familias ecuatorianas.<\/p>\n<p>Por su parte, Henry Yand\u00fan, presidente de Constructores Positivos, destac\u00f3 que la apertura de espacios para la mujer en la construcci\u00f3n \u201cno solo significa equidad, sino m\u00e1s talento y m\u00e1s fuerza productiva para el pa\u00eds\u201d.<\/p>\n<p>El acuerdo incluye la implementaci\u00f3n de programas piloto en Quito y Guayaquil, con la meta de ampliar progresivamente la participaci\u00f3n femenina en el sector y demostrar que la construcci\u00f3n tambi\u00e9n puede ser un espacio de independencia, dignidad y desarrollo para las mujeres ecuatorianas.<\/p>\n","protected":false},"excerpt":{"rendered":"<p>Quito. \u2013 Con el objetivo de reducir la brecha laboral de g\u00e9nero en uno de los sectores m\u00e1s importantes de la econom\u00eda ecuatoriana, la Fundaci\u00f3n ANA y Constructores Positivos firmaron un convenio de cooperaci\u00f3n que permitir\u00e1 capacitar a mujeres en oficios vinculados a la construcci\u00f3n, como soldadura, plomer\u00eda, electricidad y colocaci\u00f3n de gypsum. Actualmente, la [&hellip;]<\/p>\n","protected":false},"author":2,"featured_media":35959,"comment_status":"open","ping_status":"closed","sticky":false,"template":"","format":"standard","meta":{"_jetpack_memberships_contains_paid_content":false,"footnotes":""},"categories":[13],"tags":[5707,4713],"class_list":["post-35958","post","type-post","status-publish","format-standard","has-post-thumbnail","hentry","category-noticias-nacionales","tag-constructores-positivos","tag-fundacion-ana"],"jetpack_featured_media_url":"https:\/\/radiocresatelital.com\/wp-content\/uploads\/2025\/09\/WhatsApp-Image-2025-09-04-at-13.43.27.jpeg","jetpack_sharing_enabled":true,"_links":{"self":[{"href":"https:\/\/radiocresatelital.com\/index.php?rest_route=\/wp\/v2\/posts\/35958","targetHints":{"allow":["GET"]}}],"collection":[{"href":"https:\/\/radiocresatelital.com\/index.php?rest_route=\/wp\/v2\/posts"}],"about":[{"href":"https:\/\/radiocresatelital.com\/index.php?rest_route=\/wp\/v2\/types\/post"}],"author":[{"embeddable":true,"href":"https:\/\/radiocresatelital.com\/index.php?rest_route=\/wp\/v2\/users\/2"}],"replies":[{"embeddable":true,"href":"https:\/\/radiocresatelital.com\/index.php?rest_route=%2Fwp%2Fv2%2Fcomments&post=35958"}],"version-history":[{"count":1,"href":"https:\/\/radiocresatelital.com\/index.php?rest_route=\/wp\/v2\/posts\/35958\/revisions"}],"predecessor-version":[{"id":35960,"href":"https:\/\/radiocresatelital.com\/index.php?rest_route=\/wp\/v2\/posts\/35958\/revisions\/35960"}],"wp:featuredmedia":[{"embeddable":true,"href":"https:\/\/radiocresatelital.com\/index.php?rest_route=\/wp\/v2\/media\/35959"}],"wp:attachment":[{"href":"https:\/\/radiocresatelital.com\/index.php?rest_route=%2Fwp%2Fv2%2Fmedia&parent=35958"}],"wp:term":[{"taxonomy":"category","embeddable":true,"href":"https:\/\/radiocresatelital.com\/index.php?rest_route=%2Fwp%2Fv2%2Fcategories&post=35958"},{"taxonomy":"post_tag","embeddable":true,"href":"https:\/\/radiocresatelital.com\/index.php?rest_route=%2Fwp%2Fv2%2Ftags&post=35958"}],"curies":[{"name":"wp","href":"https:\/\/api.w.org\/{rel}","templated":true}]}}