{"id":35955,"date":"2025-09-04T18:43:43","date_gmt":"2025-09-04T18:43:43","guid":{"rendered":"https:\/\/radiocresatelital.com\/?p=35955"},"modified":"2025-09-04T18:43:43","modified_gmt":"2025-09-04T18:43:43","slug":"puertos-privados-de-guayaquil-y-la-cooperacion-alemana-giz-impulsan-oportunidades-de-desarrollo-a-traves-de-serpaz-comunidades-resilientes","status":"publish","type":"post","link":"https:\/\/radiocresatelital.com\/?p=35955","title":{"rendered":"Puertos privados de Guayaquil y la Cooperaci\u00f3n Alemana GIZ impulsan oportunidades de desarrollo a trav\u00e9s de SERPAZ \u2013 Comunidades Resilientes"},"content":{"rendered":"<p>Guayaquil.- En un acto celebrado en el Bankers Club en Guayaquil, se present\u00f3 oficialmente una iniciativa con los puertos privados de Guayaquil, a trav\u00e9s del Programa de Seguridad, Esperanza y Resiliencia para la Paz en Ecuador SERPAZ &#8211; Comunidades Resilientes implementado por la Cooperaci\u00f3n Alemana GIZ con el cofinanciamiento de la Uni\u00f3n Europea y el Ministerio Federal de Cooperaci\u00f3n Econ\u00f3mica y Desarrollo (BMZ).<\/p>\n<p>La iniciativa estrat\u00e9gica incluye al Terminal Portuario de Guayaquil (TPG) y al grupo corporativo portuario integrado por las compa\u00f1\u00edas Fertigran S.A., Trinidesarrollo S.A.S. y Triniservicios S.A. actuando en el marco de sus respectivos programas de Responsabilidad Social Empresarial, con el prop\u00f3sito de generar oportunidades de desarrollo para comunidades que habitan en zonas de alta vulnerabilidad social.<\/p>\n<p>Durante el suceso, Iliana Gonz\u00e1lez, directora ejecutiva de la Asociaci\u00f3n de Terminales Portuarios Privados del Ecuador (ASOTEP), record\u00f3 que todos los asociados han venido desarrollando de manera sostenida distintos programas de vinculaci\u00f3n con las comunidades aleda\u00f1as a su entorno portuario, relacionados con emprendimientos, desarrollo de habilidades culinarias, de belleza, formaci\u00f3n t\u00e9cnica, seguimiento escolar, salud; y que, adem\u00e1s, desde el 2023 la entidad es parte del proyecto <em>Mangle Inc.<\/em>.<\/p>\n<p>En este marco, Gonz\u00e1lez resalt\u00f3 que ASOTEP, abri\u00f3 el canal de colaboraci\u00f3n entre la Cooperaci\u00f3n Alemana GIZ y sus afiliados, se\u00f1alando que \u201ceste tipo de alianzas, m\u00e1s all\u00e1 de fortalecer los v\u00ednculos entre empresa y comunidad, demuestran que es posible construir un futuro m\u00e1s inclusivo desde el sector portuario, cambiando la vida de personas en situaci\u00f3n de vulnerabilidad, en pro de la seguridad del pa\u00eds\u201d.<\/p>\n<p>Por su parte, David Rampf, coordinador de SERPAZ Comunidades Resilientes de la Cooperaci\u00f3n Alemana GIZ, destac\u00f3 que esta alianza estrat\u00e9gica representa una apuesta por la juventud \u201ca partir de esta alianza estrat\u00e9gica buscamos dinamizar la econom\u00eda local y abrir oportunidades reales para los j\u00f3venes. No se trata \u00fanicamente de brindar formaci\u00f3n o impulsar emprendimientos, sino de construir un entorno en el que cada sector aporte lo mejor de sus capacidades. Solo mediante un esfuerzo coordinado, a trav\u00e9s de las experiencias de lo p\u00fablico, lo privado y la sociedad civil, podremos generar condiciones sostenibles que fortalezcan la resiliencia de las comunidades y devuelvan a la juventud la posibilidad de proyectar un futuro con dignidad y esperanza\u201d. Esta colaboraci\u00f3n permitir\u00e1 la ejecuci\u00f3n de un programa de formaci\u00f3n t\u00e9cnica y fortalecimiento econ\u00f3mico en el sur de la ciudad. La iniciativa representa un esfuerzo conjunto entre el sector p\u00fablico, privado y la cooperaci\u00f3n internacional para promover la inclusi\u00f3n social y econ\u00f3mica.<\/p>\n<p>Para su implementaci\u00f3n, la iniciativa se desarrollar\u00e1 en colaboraci\u00f3n con SERPAZ Comunidades Resilientes y contar\u00e1 con el apoyo del Colegio R\u00e9plica Guayaquil, el Centro de Atenci\u00f3n Municipal Integral (CAMI), adem\u00e1s de la Muy Ilustre Municipalidad de Guayaquil a trav\u00e9s de la Empresa P\u00fablica Municipal de Acci\u00f3n Social y Educaci\u00f3n (DASE) y la Fundaci\u00f3n Acci\u00f3n Solidaria. El programa contempla acciones diferenciadas en cada terminal portuario privado, cuyo enfoque est\u00e1 en mejorar los ingresos y la resiliencia de personas que tienen roles de cuidado de ni\u00f1os y adolescentes:<\/p>\n<p>Corporativo Portuario (Fertigran S.A., Trinidesarrollo S.A.S. y Triniservicios S.A.): 140 beneficiarios en 2026 y 160 en 2027<\/p>\n<ul>\n<li>Creaci\u00f3n y operaci\u00f3n de una escuela t\u00e9cnica vocacional dentro del Colegio R\u00e9plica Guayaquil. Esta instituci\u00f3n ofrecer\u00e1 formaci\u00f3n en carreras t\u00e9cnicas con alto potencial de inserci\u00f3n econ\u00f3mica, beneficiando entre 80 y 120 personas por a\u00f1o.<\/li>\n<li>Programa de fortalecimiento de emprendimientos locales, incluyendo asistencia t\u00e9cnica, vinculaci\u00f3n comercial, capital semilla y asesor\u00eda financiera.<\/li>\n<\/ul>\n<p><strong>Terminal Portuario Guayaquil (TPG): 120 beneficiarios en 2026<\/strong><\/p>\n<ul>\n<li>Implementaci\u00f3n del programa \u201cEscuela TPG\u201d, con formaci\u00f3n en operaci\u00f3n de equipos portuarios, dirigida a j\u00f3venes de bajos recursos.<\/li>\n<li>El proceso incluir\u00e1 la identificaci\u00f3n de perfiles, preselecci\u00f3n y acompa\u00f1amiento psicosocial, en colaboraci\u00f3n con la DASE.<\/li>\n<li>Paralelamente, se fortalecer\u00e1 peque\u00f1os negocios locales con herramientas para que puedan acceder a nuevos mercados y mejorar su sostenibilidad.<\/li>\n<\/ul>\n<p>El programa iniciar\u00e1 en noviembre con el desarrollo de los primeros cursos t\u00e9cnicos, y su implementaci\u00f3n se extender\u00e1 hasta 2027. El enfoque de esta iniciativa est\u00e1 dirigido a madres de familia, para mejorar la calidad de vida de ni\u00f1os, ni\u00f1as y adolescentes, as\u00ed como a j\u00f3venes de la comunidad, promoviendo su inclusi\u00f3n social y econ\u00f3mica para mejorar su resiliencia y sus oportunidades de desarrollo, brind\u00e1ndoles herramientas pr\u00e1cticas para acceder a oportunidades laborales o fortalecer sus iniciativas productivas<\/p>\n","protected":false},"excerpt":{"rendered":"<p>Guayaquil.- En un acto celebrado en el Bankers Club en Guayaquil, se present\u00f3 oficialmente una iniciativa con los puertos privados de Guayaquil, a trav\u00e9s del Programa de Seguridad, Esperanza y Resiliencia para la Paz en Ecuador SERPAZ &#8211; Comunidades Resilientes implementado por la Cooperaci\u00f3n Alemana GIZ con el cofinanciamiento de la Uni\u00f3n Europea y el [&hellip;]<\/p>\n","protected":false},"author":2,"featured_media":35956,"comment_status":"open","ping_status":"closed","sticky":false,"template":"","format":"standard","meta":{"_jetpack_memberships_contains_paid_content":false,"footnotes":""},"categories":[13],"tags":[5706,5056],"class_list":["post-35955","post","type-post","status-publish","format-standard","has-post-thumbnail","hentry","category-noticias-nacionales","tag-ministerio-federal-de-cooperacion-economica-y-desarrollo","tag-serpaz"],"jetpack_featured_media_url":"https:\/\/radiocresatelital.com\/wp-content\/uploads\/2025\/09\/WhatsApp-Image-2025-09-04-at-13.37.47.jpeg","jetpack_sharing_enabled":true,"_links":{"self":[{"href":"https:\/\/radiocresatelital.com\/index.php?rest_route=\/wp\/v2\/posts\/35955","targetHints":{"allow":["GET"]}}],"collection":[{"href":"https:\/\/radiocresatelital.com\/index.php?rest_route=\/wp\/v2\/posts"}],"about":[{"href":"https:\/\/radiocresatelital.com\/index.php?rest_route=\/wp\/v2\/types\/post"}],"author":[{"embeddable":true,"href":"https:\/\/radiocresatelital.com\/index.php?rest_route=\/wp\/v2\/users\/2"}],"replies":[{"embeddable":true,"href":"https:\/\/radiocresatelital.com\/index.php?rest_route=%2Fwp%2Fv2%2Fcomments&post=35955"}],"version-history":[{"count":1,"href":"https:\/\/radiocresatelital.com\/index.php?rest_route=\/wp\/v2\/posts\/35955\/revisions"}],"predecessor-version":[{"id":35957,"href":"https:\/\/radiocresatelital.com\/index.php?rest_route=\/wp\/v2\/posts\/35955\/revisions\/35957"}],"wp:featuredmedia":[{"embeddable":true,"href":"https:\/\/radiocresatelital.com\/index.php?rest_route=\/wp\/v2\/media\/35956"}],"wp:attachment":[{"href":"https:\/\/radiocresatelital.com\/index.php?rest_route=%2Fwp%2Fv2%2Fmedia&parent=35955"}],"wp:term":[{"taxonomy":"category","embeddable":true,"href":"https:\/\/radiocresatelital.com\/index.php?rest_route=%2Fwp%2Fv2%2Fcategories&post=35955"},{"taxonomy":"post_tag","embeddable":true,"href":"https:\/\/radiocresatelital.com\/index.php?rest_route=%2Fwp%2Fv2%2Ftags&post=35955"}],"curies":[{"name":"wp","href":"https:\/\/api.w.org\/{rel}","templated":true}]}}