{"id":35952,"date":"2025-09-04T18:37:07","date_gmt":"2025-09-04T18:37:07","guid":{"rendered":"https:\/\/radiocresatelital.com\/?p=35952"},"modified":"2025-09-04T18:38:05","modified_gmt":"2025-09-04T18:38:05","slug":"trece-candidatas-aspiran-a-convertirse-en-reina-de-guayaquil-2025","status":"publish","type":"post","link":"https:\/\/radiocresatelital.com\/?p=35952","title":{"rendered":"Trece candidatas aspiran a convertirse en Reina de Guayaquil 2025"},"content":{"rendered":"<p>El antiguo Club de la Uni\u00f3n fue el escenario para la presentaci\u00f3n oficial de las 13 j\u00f3venes que participar\u00e1n en el certamen Reina de Guayaquil 2025, un evento c\u00edvico y cultural que este a\u00f1o celebra su edici\u00f3n n\u00famero 69.<\/p>\n<p>La elecci\u00f3n de las aspirantes fue el resultado de un proceso de casting al que acudieron 50 j\u00f3venes guayaquile\u00f1as. Durante la ceremonia, la actual reina, Jenniffer Tutiv\u00e9n, y la virreina, Milena Bastidas, colocaron las bandas que oficializan su participaci\u00f3n en el certamen.<\/p>\n<p>Desde hace 45 d\u00edas, las candidatas se preparan con un equipo de profesionales en distintas \u00e1reas de formaci\u00f3n. Han recibido charlas en direcciones municipales, capacitaci\u00f3n en medios de comunicaci\u00f3n y entrenamiento en liderazgo.<\/p>\n<p>\u201cEst\u00e1n juntas aproximadamente hace un mes y medio, han empezado una preparaci\u00f3n con nuestro equipo de profesionales que ya tienen muchos a\u00f1os trabajando con las chicas en su belleza integral\u201d, indic\u00f3 la directora de Turismo, Tahiz Panus.<\/p>\n<p>El proceso de formaci\u00f3n incluye actividades vinculadas al voluntariado y al contacto directo con ONGs, fundaciones y dependencias municipales. \u201cLa Reina de Guayaquil es una l\u00edder del voluntariado de la ciudad. Van a recorrer algunas ONGs, fundaciones, va a conocer m\u00e1s casa adentro el Holding municipal, la instituci\u00f3n, lo que realiza el alcalde, las direcciones y a qu\u00e9 se dedica cada una porque cada una tiene un proyecto distinto\u201d, agreg\u00f3 Panus.<\/p>\n<p>La futura soberana asumir\u00e1 la responsabilidad de liderar proyectos comunitarios y representar a la urbe durante su periodo de reinado. Para Gabriela Ruilova, licenciada en Comunicaci\u00f3n y candidata, la experiencia trasciende la competencia: \u201cCuando hay algo bueno que aportar no es competencia, sino que se aplaude que todas tienen una<br \/>\nfinalidad que es servir\u201d.<\/p>\n<p>La gala de elecci\u00f3n se realizar\u00e1 el viernes 3 de octubre en Santa Ana Garden. La nueva reina ser\u00e1 la encargada de presidir las celebraciones de independencia y encabezar una agenda de trabajo social en beneficio de la comunidad.<\/p>\n","protected":false},"excerpt":{"rendered":"<p>El antiguo Club de la Uni\u00f3n fue el escenario para la presentaci\u00f3n oficial de las 13 j\u00f3venes que participar\u00e1n en el certamen Reina de Guayaquil 2025, un evento c\u00edvico y cultural que este a\u00f1o celebra su edici\u00f3n n\u00famero 69. La elecci\u00f3n de las aspirantes fue el resultado de un proceso de casting al que acudieron [&hellip;]<\/p>\n","protected":false},"author":2,"featured_media":35953,"comment_status":"open","ping_status":"closed","sticky":false,"template":"","format":"standard","meta":{"_jetpack_memberships_contains_paid_content":false,"footnotes":""},"categories":[33,13],"tags":[5705],"class_list":["post-35952","post","type-post","status-publish","format-standard","has-post-thumbnail","hentry","category-guayaquil","category-noticias-nacionales","tag-reina-de-guayaquil-2025"],"jetpack_featured_media_url":"https:\/\/radiocresatelital.com\/wp-content\/uploads\/2025\/09\/001-scaled.jpeg","jetpack_sharing_enabled":true,"_links":{"self":[{"href":"https:\/\/radiocresatelital.com\/index.php?rest_route=\/wp\/v2\/posts\/35952","targetHints":{"allow":["GET"]}}],"collection":[{"href":"https:\/\/radiocresatelital.com\/index.php?rest_route=\/wp\/v2\/posts"}],"about":[{"href":"https:\/\/radiocresatelital.com\/index.php?rest_route=\/wp\/v2\/types\/post"}],"author":[{"embeddable":true,"href":"https:\/\/radiocresatelital.com\/index.php?rest_route=\/wp\/v2\/users\/2"}],"replies":[{"embeddable":true,"href":"https:\/\/radiocresatelital.com\/index.php?rest_route=%2Fwp%2Fv2%2Fcomments&post=35952"}],"version-history":[{"count":1,"href":"https:\/\/radiocresatelital.com\/index.php?rest_route=\/wp\/v2\/posts\/35952\/revisions"}],"predecessor-version":[{"id":35954,"href":"https:\/\/radiocresatelital.com\/index.php?rest_route=\/wp\/v2\/posts\/35952\/revisions\/35954"}],"wp:featuredmedia":[{"embeddable":true,"href":"https:\/\/radiocresatelital.com\/index.php?rest_route=\/wp\/v2\/media\/35953"}],"wp:attachment":[{"href":"https:\/\/radiocresatelital.com\/index.php?rest_route=%2Fwp%2Fv2%2Fmedia&parent=35952"}],"wp:term":[{"taxonomy":"category","embeddable":true,"href":"https:\/\/radiocresatelital.com\/index.php?rest_route=%2Fwp%2Fv2%2Fcategories&post=35952"},{"taxonomy":"post_tag","embeddable":true,"href":"https:\/\/radiocresatelital.com\/index.php?rest_route=%2Fwp%2Fv2%2Ftags&post=35952"}],"curies":[{"name":"wp","href":"https:\/\/api.w.org\/{rel}","templated":true}]}}