{"id":3587,"date":"2023-09-03T16:37:02","date_gmt":"2023-09-03T16:37:02","guid":{"rendered":"https:\/\/radiocresatelital.com\/?p=3587"},"modified":"2023-09-03T16:37:02","modified_gmt":"2023-09-03T16:37:02","slug":"papa-francisco-envia-mensaje-de-saludo-al-pueblo-chino","status":"publish","type":"post","link":"https:\/\/radiocresatelital.com\/?p=3587","title":{"rendered":"Papa Francisco env\u00eda mensaje de saludo al pueblo chino"},"content":{"rendered":"<p>Ulan Bator.- El papa Francisco, quien se encuentra de visita en Mongolia, ha enviado un sorpresivo saludo \u00abal noble pueblo chino\u00bb, al final de la misa que brind\u00f3 en el Steppe Arena de Ulan Bator.<\/p>\n<p>Al final de la liturgia, antes de pronunciar unas palabras de agradecimiento, el Pont\u00edfice tom\u00f3 de la mano al obispo em\u00e9rito de Hong Kong, el cardenal John Tong Hon, y al actual obispo, el cardenal designado Stephen Chow.<\/p>\n<p>\u00abEstos dos hermanos obispos, el em\u00e9rito de Hong Kong y el actual obispo de Hong Kong &#8211; dijo -: quisiera aprovechar su presencia para enviar un cordial saludo al noble pueblo chino. Deseo a todo el pueblo lo mejor y seguir adelante, progresar siempre. Y pido a los cat\u00f3licos chinos que sean buenos cristianos y buenos ciudadanos. A todos\u00bb.<\/p>\n<p>Es un poco la guinda del pastel de los repetidos mensajes de tranquilidad a Pek\u00edn, incluido el telegrama al presidente Xi Jinping mientras sobrevolaba territorio chino, lanzado por Francisco en su viaje a Mongolia, donde, entre otras cosas, a pesar de las prohibiciones de las autoridades, grupos de fieles fueron a seguirlo desde China, as\u00ed como desde Rusia y otros pa\u00edses.<\/p>\n<p>En este tercer y pen\u00faltimo d\u00eda de la visita, el Papa se re\u00fane con representantes de las confesiones y tradiciones religiosas presentes en el pa\u00eds, y no deja de advertir que las confesiones son \u00abmotivo de esc\u00e1ndalo\u00bb.<\/p>\n<p>\u00abPor tanto, no hay confusi\u00f3n entre creencia y violencia, entre sacralidad e imposici\u00f3n, entre camino religioso y sectarismo\u00bb, advirti\u00f3.<\/p>\n<p>Un recordatorio de que las religiones no patrocinan el terrorismo, la agresi\u00f3n y la guerra, lo que adquiere un significado a\u00fan m\u00e1s particular, teniendo en cuenta que entre los l\u00edderes religiosos presentes se encuentra tambi\u00e9n el padre Antony Gusev, rector de la \u00fanica parroquia ortodoxa (rusa) en Mongolia, que afirm\u00f3 con orgullo que la primera piedra de su iglesia fue colocada en diciembre de 2006 por nada menos que \u00abel metropolita Kirill de Kaliningrado y Smolensk (ahora Patriarca de Mosc\u00fa y de toda Rusia)\u00bb.<\/p>\n<p>Los dem\u00e1s l\u00edderes religiosos presentes en el &#8216;Teatro Hun&#8217;, a quienes el Papa se dirigi\u00f3 \u00abcomo a un hermano\u00bb, representan el budismo mongol (de origen tibetano), la confesi\u00f3n m\u00e1s extendida en el pa\u00eds, el islam, el chamanismo mongol, el juda\u00edsmo, la Uni\u00f3n Evang\u00e9lica, Iglesia Adventista del S\u00e9ptimo D\u00eda, Hinduismo, Bah\u00e1&#8217;\u00eds, Sinto\u00edsmo y La Iglesia de Jesucristo de los Santos de los \u00daltimos D\u00edas (mormones).<\/p>\n<p>\u00abEl hecho de estar juntos en el mismo lugar es ya un mensaje &#8211; reconoci\u00f3 el Papa en su discurso -: las tradiciones religiosas, en su originalidad y diversidad, representan un formidable potencial de bien al servicio de la sociedad. Si quienes tienen la responsabilidad de las naciones eligieran el camino del encuentro y del di\u00e1logo con los dem\u00e1s, contribuir\u00eda de manera decisiva al fin de los conflictos que siguen causando sufrimiento a tantos pueblos\u00bb.<\/p>\n<p>\u00abMe pregunto: \u00bfqui\u00e9nes, m\u00e1s que los creyentes, est\u00e1n llamados a trabajar por la armon\u00eda de todos?\u00bb, agreg\u00f3.<\/p>\n<p>\u00abHermanos, hermanas, por cu\u00e1nto conseguimos armonizarnos con los dem\u00e1s peregrinos de la tierra y por c\u00f3mo conseguimos difundir la armon\u00eda donde vivimos, se puede medir el valor social de nuestra religiosidad\u00bb, dijo Jorge Bergoglio.<\/p>\n<p>\u00abEl cierre, la imposici\u00f3n unilateral, el fundamentalismo y la coerci\u00f3n ideol\u00f3gica arruinan la fraternidad, alimentan las tensiones y ponen en peligro la paz\u00bb, advirti\u00f3.<\/p>\n<p>\u00abNuestra responsabilidad es grande, sobre todo en esta hora de la historia, porque nuestro comportamiento est\u00e1 llamado a confirmar en la pr\u00e1ctica las ense\u00f1anzas que profesamos; no puede contradecirlas, convirti\u00e9ndose en fuente de esc\u00e1ndalo &#8211; insisti\u00f3 -. Por tanto, no hay confusi\u00f3n entre credo y violencia, entre sacralidad e imposici\u00f3n, entre camino religioso y sectarismo\u00bb.<\/p>\n<p>Y concluy\u00f3 afirmando que \u00abla Iglesia cat\u00f3lica quiere proceder de esta manera, creyendo firmemente en el di\u00e1logo ecum\u00e9nico, interreligioso y cultural\u00bb.<\/p>\n<p>\u00abAs\u00ed, la clave para caminar sobre la tierra se encuentra en la humanidad bendecida por el Cielo &#8211; afirm\u00f3 el Papa -. Tenemos un origen com\u00fan, que da a todos la misma dignidad, y un camino compartido, que s\u00f3lo podemos recorrer juntos, viviendo bajo el mismo cielo que nos envuelve e ilumina\u00bb.<\/p>\n<p>Por la tarde, tambi\u00e9n al final de la misa en el Steppe Arena para la peque\u00f1a comunidad cat\u00f3lica de Mongolia, encabezada por el joven cardenal y prefecto apost\u00f3lico Giorgio Marengo, Francisco salud\u00f3 una vez m\u00e1s \u00abde coraz\u00f3n a los hermanos y hermanas de otras denominaciones y religiones cristianas: sigamos creciendo juntos en fraternidad, como semillas de paz en un mundo tristemente marcado por demasiadas guerras y conflictos\u00bb. (<\/p>\n","protected":false},"excerpt":{"rendered":"<p>Ulan Bator.- El papa Francisco, quien se encuentra de visita en Mongolia, ha enviado un sorpresivo saludo \u00abal noble pueblo chino\u00bb, al final de la misa que brind\u00f3 en el Steppe Arena de Ulan Bator. Al final de la liturgia, antes de pronunciar unas palabras de agradecimiento, el Pont\u00edfice tom\u00f3 de la mano al obispo [&hellip;]<\/p>\n","protected":false},"author":2,"featured_media":3588,"comment_status":"open","ping_status":"closed","sticky":false,"template":"","format":"standard","meta":{"_jetpack_memberships_contains_paid_content":false,"footnotes":""},"categories":[11],"tags":[12],"class_list":["post-3587","post","type-post","status-publish","format-standard","has-post-thumbnail","hentry","category-noticias-internacionales","tag-papa-francisco"],"jetpack_featured_media_url":"https:\/\/radiocresatelital.com\/wp-content\/uploads\/2023\/09\/cq5dam.thumbnail.cropped.750.422.jpeg","jetpack_sharing_enabled":true,"_links":{"self":[{"href":"https:\/\/radiocresatelital.com\/index.php?rest_route=\/wp\/v2\/posts\/3587","targetHints":{"allow":["GET"]}}],"collection":[{"href":"https:\/\/radiocresatelital.com\/index.php?rest_route=\/wp\/v2\/posts"}],"about":[{"href":"https:\/\/radiocresatelital.com\/index.php?rest_route=\/wp\/v2\/types\/post"}],"author":[{"embeddable":true,"href":"https:\/\/radiocresatelital.com\/index.php?rest_route=\/wp\/v2\/users\/2"}],"replies":[{"embeddable":true,"href":"https:\/\/radiocresatelital.com\/index.php?rest_route=%2Fwp%2Fv2%2Fcomments&post=3587"}],"version-history":[{"count":1,"href":"https:\/\/radiocresatelital.com\/index.php?rest_route=\/wp\/v2\/posts\/3587\/revisions"}],"predecessor-version":[{"id":3589,"href":"https:\/\/radiocresatelital.com\/index.php?rest_route=\/wp\/v2\/posts\/3587\/revisions\/3589"}],"wp:featuredmedia":[{"embeddable":true,"href":"https:\/\/radiocresatelital.com\/index.php?rest_route=\/wp\/v2\/media\/3588"}],"wp:attachment":[{"href":"https:\/\/radiocresatelital.com\/index.php?rest_route=%2Fwp%2Fv2%2Fmedia&parent=3587"}],"wp:term":[{"taxonomy":"category","embeddable":true,"href":"https:\/\/radiocresatelital.com\/index.php?rest_route=%2Fwp%2Fv2%2Fcategories&post=3587"},{"taxonomy":"post_tag","embeddable":true,"href":"https:\/\/radiocresatelital.com\/index.php?rest_route=%2Fwp%2Fv2%2Ftags&post=3587"}],"curies":[{"name":"wp","href":"https:\/\/api.w.org\/{rel}","templated":true}]}}