{"id":35849,"date":"2025-09-03T20:09:20","date_gmt":"2025-09-03T20:09:20","guid":{"rendered":"https:\/\/radiocresatelital.com\/?p=35849"},"modified":"2025-09-03T23:11:05","modified_gmt":"2025-09-03T23:11:05","slug":"intercambio-de-conocimiento-networking-y-experiencias-interactivas-en-la-educomunidad-2025","status":"publish","type":"post","link":"https:\/\/radiocresatelital.com\/?p=35849","title":{"rendered":"Intercambio de conocimiento, networking y experiencias interactivas en la EduComunidad 2025"},"content":{"rendered":"<p>Quito.- Este a\u00f1o, el evento educativo EduComunidad tiene como lema Ra\u00edces de Sostenibilidad. Los pr\u00f3ximos 14 y 15 de octubre, la capital vivir\u00e1 dos jornadas de conferencias, charlas magistrales y talleres con ponentes nacionales e internacionales, acompa\u00f1adas de un espacio de exposici\u00f3n permanente de ofertas acad\u00e9micas e instituciones comprometidas con la educaci\u00f3n y la sostenibilidad. El encuentro tendr\u00e1 lugar en el Centro de Convenciones Metropolitano de Quito.<\/p>\n<p><strong>Fundaci\u00f3n FIDAL<\/strong> y sus aliados l\u00edderes en educaci\u00f3n, colegio <strong>Johannes Kepler<\/strong>, <strong>Red Ecuatoriana de Pedagog\u00eda<\/strong> y la <strong>CONFEDEC<\/strong>, han creado este espacio de encuentro y aprendizaje para potenciar la Educaci\u00f3n para el Desarrollo Sostenible (EDS), con la convicci\u00f3n de que la educaci\u00f3n es la clave para alcanzar los\u00a0objetivos mundiales de desarrollo.<\/p>\n<p>De acuerdo con la <strong>UNESCO<\/strong>, la EDS promueve un aprendizaje integral que contempla tres dimensiones fundamentales:<\/p>\n<ol>\n<li><strong>Cognitivo:<\/strong> Con miras a mejorar nuestro pensamiento y a comprender la informaci\u00f3n.<\/li>\n<li><strong>Socioemocional:<\/strong> Para el desarrollo de habilidades sociales, la empat\u00eda y la inteligencia emocional.<\/li>\n<li><strong>Conductual:<\/strong> Con el objetivo de fomentar las acciones y los comportamientos positivos.<\/li>\n<\/ol>\n<p>La EDS es una potente estrategia para transformar la educaci\u00f3n. Por ello, la EduComunidad impulsa una educaci\u00f3n de calidad que prepare a las nuevas generaciones y al entorno educativo para construir un futuro m\u00e1s \u00e9tico, justo y sostenible. En el evento tambi\u00e9n se abordar\u00e1n temas como: Neuroeducaci\u00f3n, \u00bfc\u00f3mo aprende nuestro cerebro?; Innovaci\u00f3n y Tecnolog\u00eda para la Sostenibilidad la convergencia entre universidad y empresa como motores del desarrollo sostenible; entre otros.<\/p>\n<p>Descubre el poder transformador de la educaci\u00f3n, reg\u00edstrate en <a href=\"https:\/\/educomunidad.com\/\">https:\/\/educomunidad.com\/<\/a><\/p>\n","protected":false},"excerpt":{"rendered":"<p>Quito.- Este a\u00f1o, el evento educativo EduComunidad tiene como lema Ra\u00edces de Sostenibilidad. Los pr\u00f3ximos 14 y 15 de octubre, la capital vivir\u00e1 dos jornadas de conferencias, charlas magistrales y talleres con ponentes nacionales e internacionales, acompa\u00f1adas de un espacio de exposici\u00f3n permanente de ofertas acad\u00e9micas e instituciones comprometidas con la educaci\u00f3n y la sostenibilidad. [&hellip;]<\/p>\n","protected":false},"author":2,"featured_media":35850,"comment_status":"open","ping_status":"closed","sticky":false,"template":"","format":"standard","meta":{"_jetpack_memberships_contains_paid_content":false,"footnotes":""},"categories":[13],"tags":[5688,5689],"class_list":["post-35849","post","type-post","status-publish","format-standard","has-post-thumbnail","hentry","category-noticias-nacionales","tag-educomunidad","tag-raices-de-sostenibilidad"],"jetpack_featured_media_url":"https:\/\/radiocresatelital.com\/wp-content\/uploads\/2025\/09\/WhatsApp-Image-2025-09-03-at-15.23.57.jpeg","jetpack_sharing_enabled":true,"_links":{"self":[{"href":"https:\/\/radiocresatelital.com\/index.php?rest_route=\/wp\/v2\/posts\/35849","targetHints":{"allow":["GET"]}}],"collection":[{"href":"https:\/\/radiocresatelital.com\/index.php?rest_route=\/wp\/v2\/posts"}],"about":[{"href":"https:\/\/radiocresatelital.com\/index.php?rest_route=\/wp\/v2\/types\/post"}],"author":[{"embeddable":true,"href":"https:\/\/radiocresatelital.com\/index.php?rest_route=\/wp\/v2\/users\/2"}],"replies":[{"embeddable":true,"href":"https:\/\/radiocresatelital.com\/index.php?rest_route=%2Fwp%2Fv2%2Fcomments&post=35849"}],"version-history":[{"count":1,"href":"https:\/\/radiocresatelital.com\/index.php?rest_route=\/wp\/v2\/posts\/35849\/revisions"}],"predecessor-version":[{"id":35851,"href":"https:\/\/radiocresatelital.com\/index.php?rest_route=\/wp\/v2\/posts\/35849\/revisions\/35851"}],"wp:featuredmedia":[{"embeddable":true,"href":"https:\/\/radiocresatelital.com\/index.php?rest_route=\/wp\/v2\/media\/35850"}],"wp:attachment":[{"href":"https:\/\/radiocresatelital.com\/index.php?rest_route=%2Fwp%2Fv2%2Fmedia&parent=35849"}],"wp:term":[{"taxonomy":"category","embeddable":true,"href":"https:\/\/radiocresatelital.com\/index.php?rest_route=%2Fwp%2Fv2%2Fcategories&post=35849"},{"taxonomy":"post_tag","embeddable":true,"href":"https:\/\/radiocresatelital.com\/index.php?rest_route=%2Fwp%2Fv2%2Ftags&post=35849"}],"curies":[{"name":"wp","href":"https:\/\/api.w.org\/{rel}","templated":true}]}}