{"id":35845,"date":"2025-09-03T20:07:16","date_gmt":"2025-09-03T20:07:16","guid":{"rendered":"https:\/\/radiocresatelital.com\/?p=35845"},"modified":"2025-09-03T23:08:46","modified_gmt":"2025-09-03T23:08:46","slug":"ecuasanitas-impulsa-munay-un-programa-de-bienestar-emocional-para-sus-colaboradores","status":"publish","type":"post","link":"https:\/\/radiocresatelital.com\/?p=35845","title":{"rendered":"Ecuasanitas impulsa \u201cMunay\u201d, un programa de bienestar emocional para sus colaboradores"},"content":{"rendered":"<p>Quito.- En l\u00ednea con su compromiso de construir un entorno laboral m\u00e1s humano y sostenible, Ecuasanitas ha implementado el programa \u201cMunay, un nuevo espacio para escuchar, apoyar y cuidar\u201d, una iniciativa interna que pone en el centro a sus colaboradores, brind\u00e1ndoles atenci\u00f3n psicol\u00f3gica y espacios de autocuidado desde una visi\u00f3n integral. El programa nace de los valores de amor, respeto y armon\u00eda,buscando fortalecer la salud emocional a nivel individual, grupal y colectivo dentro de la organizaci\u00f3n.<\/p>\n<p>\u201cMunay\u201d ofrece dos ejes fundamentales: la promoci\u00f3n del bienestar\u00a0 a trav\u00e9s de talleres, din\u00e1micas de autocuidado y espacios de relajaci\u00f3n; y un acompa\u00f1amiento psicol\u00f3gico personalizado con atenci\u00f3n individual, psicoterapia breve e intervenciones grupales. Adem\u00e1s, el programa contempla atenci\u00f3n inmediata en casos de crisis emocionales.<\/p>\n<p>Con una participaci\u00f3n voluntaria, confidencial y gratuita, esta propuesta se integra al horario laboral, asegurando que todos los colaboradores puedan acceder sin afectar sus responsabilidades diarias. El diagn\u00f3stico inicial personalizado permite definir rutas de acompa\u00f1amiento para cada caso, fortaleciendo habilidades de resiliencia, manejo del estr\u00e9s y autorregulaci\u00f3n.<\/p>\n<p>En su primera fase, \u201cMunay\u201d ha tenido una recepci\u00f3n positiva: el 98% de aceptaci\u00f3n por parte del equipo humano y un 30% que identific\u00f3 la necesidad de continuar con apoyo sostenido. Estas cifras confirman el valor del programa en la construcci\u00f3n de una cultura organizacional basada en la empat\u00eda y el cuidado mutuo.<\/p>\n<p>\u201cMunay refleja nuestra convicci\u00f3n de que el bienestar emocional no es un beneficio adicional, sino una necesidad fundamental para el desarrollo profesional y personal de nuestro equipo\u201d, afirm\u00f3 Carlos Moreta, Psic\u00f3logo Cl\u00ednico de Ecuasanitas. \u201cCuando las personas se sienten bien, el entorno laboral florece y eso se traduce en mejor servicio para nuestros afiliados\u201d, agreg\u00f3.<\/p>\n<p>Con \u201cMunay\u201d, Ecuasanitas da un paso m\u00e1s hacia la consolidaci\u00f3n de una cultura corporativa centrada en las personas, reafirmando su compromiso con el bienestar sostenible y el crecimiento integral de quienes forman parte de la organizaci\u00f3n.<\/p>\n","protected":false},"excerpt":{"rendered":"<p>Quito.- En l\u00ednea con su compromiso de construir un entorno laboral m\u00e1s humano y sostenible, Ecuasanitas ha implementado el programa \u201cMunay, un nuevo espacio para escuchar, apoyar y cuidar\u201d, una iniciativa interna que pone en el centro a sus colaboradores, brind\u00e1ndoles atenci\u00f3n psicol\u00f3gica y espacios de autocuidado desde una visi\u00f3n integral. El programa nace de [&hellip;]<\/p>\n","protected":false},"author":2,"featured_media":35846,"comment_status":"open","ping_status":"closed","sticky":false,"template":"","format":"standard","meta":{"_jetpack_memberships_contains_paid_content":false,"footnotes":""},"categories":[13],"tags":[5687],"class_list":["post-35845","post","type-post","status-publish","format-standard","has-post-thumbnail","hentry","category-noticias-nacionales","tag-ecuasanitas"],"jetpack_featured_media_url":"https:\/\/radiocresatelital.com\/wp-content\/uploads\/2025\/09\/250902_Munay_Ecuasanitas-scaled.jpg","jetpack_sharing_enabled":true,"_links":{"self":[{"href":"https:\/\/radiocresatelital.com\/index.php?rest_route=\/wp\/v2\/posts\/35845","targetHints":{"allow":["GET"]}}],"collection":[{"href":"https:\/\/radiocresatelital.com\/index.php?rest_route=\/wp\/v2\/posts"}],"about":[{"href":"https:\/\/radiocresatelital.com\/index.php?rest_route=\/wp\/v2\/types\/post"}],"author":[{"embeddable":true,"href":"https:\/\/radiocresatelital.com\/index.php?rest_route=\/wp\/v2\/users\/2"}],"replies":[{"embeddable":true,"href":"https:\/\/radiocresatelital.com\/index.php?rest_route=%2Fwp%2Fv2%2Fcomments&post=35845"}],"version-history":[{"count":1,"href":"https:\/\/radiocresatelital.com\/index.php?rest_route=\/wp\/v2\/posts\/35845\/revisions"}],"predecessor-version":[{"id":35847,"href":"https:\/\/radiocresatelital.com\/index.php?rest_route=\/wp\/v2\/posts\/35845\/revisions\/35847"}],"wp:featuredmedia":[{"embeddable":true,"href":"https:\/\/radiocresatelital.com\/index.php?rest_route=\/wp\/v2\/media\/35846"}],"wp:attachment":[{"href":"https:\/\/radiocresatelital.com\/index.php?rest_route=%2Fwp%2Fv2%2Fmedia&parent=35845"}],"wp:term":[{"taxonomy":"category","embeddable":true,"href":"https:\/\/radiocresatelital.com\/index.php?rest_route=%2Fwp%2Fv2%2Fcategories&post=35845"},{"taxonomy":"post_tag","embeddable":true,"href":"https:\/\/radiocresatelital.com\/index.php?rest_route=%2Fwp%2Fv2%2Ftags&post=35845"}],"curies":[{"name":"wp","href":"https:\/\/api.w.org\/{rel}","templated":true}]}}