{"id":35833,"date":"2025-09-03T22:13:44","date_gmt":"2025-09-03T22:13:44","guid":{"rendered":"https:\/\/radiocresatelital.com\/?p=35833"},"modified":"2025-09-03T22:13:54","modified_gmt":"2025-09-03T22:13:54","slug":"gran-participacion-ciudadana-en-la-brigada-del-nuevo-ecuador-en-el-parque-zoila-ugarte","status":"publish","type":"post","link":"https:\/\/radiocresatelital.com\/?p=35833","title":{"rendered":"Gran participaci\u00f3n ciudadana en la Brigada del Nuevo Ecuador en el parque Zoila Ugarte"},"content":{"rendered":"<p>Machala.- Con el firme compromiso de garantizar el acceso directo y oportuno a los servicios p\u00fablicos, el Gobernador de El Oro, Jimmy Blacio, junto a la Jefa Pol\u00edtica de Machala, Kerly Zagal Mendieta, lideraron la Brigada del Nuevo Ecuador realizada este mi\u00e9rcoles en el Parque Zoila Ugarte.<\/p>\n<p>M\u00e1s de 25 instituciones estatales se sumaron a esta jornada de atenci\u00f3n, ofreciendo tr\u00e1mites y asesor\u00eda a la gran cantidad de ciudadanos que acudieron para beneficiarse de los servicios gubernamentales.<\/p>\n<p>El gobernador Jimmy Blacio ratific\u00f3 que estas brigadas responden a la pol\u00edtica del Gobierno Nacional liderado por el presidente Daniel Noboa Azin, cuyo prop\u00f3sito es acercar los servicios del Estado a todos los sectores de la poblaci\u00f3n, fortaleciendo el v\u00ednculo entre la ciudadan\u00eda y sus instituciones.<\/p>\n<p>Durante el evento, los asistentes destacaron la agilidad y calidad de la atenci\u00f3n recibida.<\/p>\n<p>Janine Ja\u00e9n agradeci\u00f3 la asistencia brindada en el stand del Ministerio de Salud P\u00fablica, resaltando la importancia de contar con estos espacios cercanos a la comunidad.<\/p>\n<p>Nelson Borbor obtuvo su nueva c\u00e9dula de identidad y se\u00f1al\u00f3: \u201cfue r\u00e1pido y \u00e1gil para obtener este documento. Muchas gracias al gobernador por realizar estas Brigadas que nos sirven de mucho\u201d.<\/p>\n<p>El Registro Civil entreg\u00f3 100 c\u00e9dulas, y el Ministerio de Salud P\u00fablica atendi\u00f3 a 70 ciudadanos en las \u00e1reas de odontolog\u00eda, medicina general y entrega de medicinas.<\/p>\n","protected":false},"excerpt":{"rendered":"<p>Machala.- Con el firme compromiso de garantizar el acceso directo y oportuno a los servicios p\u00fablicos, el Gobernador de El Oro, Jimmy Blacio, junto a la Jefa Pol\u00edtica de Machala, Kerly Zagal Mendieta, lideraron la Brigada del Nuevo Ecuador realizada este mi\u00e9rcoles en el Parque Zoila Ugarte. M\u00e1s de 25 instituciones estatales se sumaron a [&hellip;]<\/p>\n","protected":false},"author":2,"featured_media":35834,"comment_status":"open","ping_status":"closed","sticky":false,"template":"","format":"standard","meta":{"_jetpack_memberships_contains_paid_content":false,"footnotes":""},"categories":[13],"tags":[1388,1390],"class_list":["post-35833","post","type-post","status-publish","format-standard","has-post-thumbnail","hentry","category-noticias-nacionales","tag-gobernador-de-el-oro","tag-jimmy-blacio"],"jetpack_featured_media_url":"https:\/\/radiocresatelital.com\/wp-content\/uploads\/2025\/09\/WhatsApp-Image-2025-09-03-at-17.10.31-scaled.jpeg","jetpack_sharing_enabled":true,"_links":{"self":[{"href":"https:\/\/radiocresatelital.com\/index.php?rest_route=\/wp\/v2\/posts\/35833","targetHints":{"allow":["GET"]}}],"collection":[{"href":"https:\/\/radiocresatelital.com\/index.php?rest_route=\/wp\/v2\/posts"}],"about":[{"href":"https:\/\/radiocresatelital.com\/index.php?rest_route=\/wp\/v2\/types\/post"}],"author":[{"embeddable":true,"href":"https:\/\/radiocresatelital.com\/index.php?rest_route=\/wp\/v2\/users\/2"}],"replies":[{"embeddable":true,"href":"https:\/\/radiocresatelital.com\/index.php?rest_route=%2Fwp%2Fv2%2Fcomments&post=35833"}],"version-history":[{"count":1,"href":"https:\/\/radiocresatelital.com\/index.php?rest_route=\/wp\/v2\/posts\/35833\/revisions"}],"predecessor-version":[{"id":35835,"href":"https:\/\/radiocresatelital.com\/index.php?rest_route=\/wp\/v2\/posts\/35833\/revisions\/35835"}],"wp:featuredmedia":[{"embeddable":true,"href":"https:\/\/radiocresatelital.com\/index.php?rest_route=\/wp\/v2\/media\/35834"}],"wp:attachment":[{"href":"https:\/\/radiocresatelital.com\/index.php?rest_route=%2Fwp%2Fv2%2Fmedia&parent=35833"}],"wp:term":[{"taxonomy":"category","embeddable":true,"href":"https:\/\/radiocresatelital.com\/index.php?rest_route=%2Fwp%2Fv2%2Fcategories&post=35833"},{"taxonomy":"post_tag","embeddable":true,"href":"https:\/\/radiocresatelital.com\/index.php?rest_route=%2Fwp%2Fv2%2Ftags&post=35833"}],"curies":[{"name":"wp","href":"https:\/\/api.w.org\/{rel}","templated":true}]}}