{"id":35802,"date":"2025-09-03T21:06:26","date_gmt":"2025-09-03T21:06:26","guid":{"rendered":"https:\/\/radiocresatelital.com\/?p=35802"},"modified":"2025-09-03T21:06:35","modified_gmt":"2025-09-03T21:06:35","slug":"operativo-recupera-espacios-publicos-y-libera-calles-ocupadas-en-el-centro-y-norte-de-la-ciudad","status":"publish","type":"post","link":"https:\/\/radiocresatelital.com\/?p=35802","title":{"rendered":"Operativo recupera espacios p\u00fablicos y libera calles ocupadas en el centro y norte de la ciudad"},"content":{"rendered":"<p>Guayaquil.- Para impulsar la seguridad y el uso ordenado del espacio p\u00fablico, el Municipio de Guayaquil, a trav\u00e9s de Segura EP, desarroll\u00f3 un operativo en distintos puntos de la ciudad para retirar objetos que se utilizaban como parqueaderos improvisados, algunos de ellos con cobro de tarifas a los conductores.<\/p>\n<p>Durante la jornada, 40 Agentes de Control Municipal (ACM) recorrieron la ciudadela Vernaza Norte y las avenidas Machala, Malec\u00f3n, 9 de Octubre y Quito, retirando conos, llantas, bancos y otros elementos que obstaculizaban la libre circulaci\u00f3n y afectaban el derecho ciudadano a un uso ordenado del espacio p\u00fablico.<\/p>\n<p>Alex Anchundia, gerente general de Segura EP, destac\u00f3 que estas acciones responden a denuncias ciudadanas. \u201cVamos a socializar con estas personas que cuidan los carros para que sepan que no pueden obstruir los espacios, que pueden de una manera llevar la actividad con respeto a los ciudadanos, ya que en ocasiones han sido afectados sus bienes, sus veh\u00edculos, tenemos denuncias de que rayan los veh\u00edculos o generan da\u00f1os, as\u00ed que vamos a actuar de manera inmediata\u201d, expres\u00f3.<\/p>\n<p>Con esta intervenci\u00f3n, el Cabildo reafirma su compromiso de garantizar espacios p\u00fablicos seguros, libres de abusos y en beneficio de todos los guayaquile\u00f1os<\/p>\n","protected":false},"excerpt":{"rendered":"<p>Guayaquil.- Para impulsar la seguridad y el uso ordenado del espacio p\u00fablico, el Municipio de Guayaquil, a trav\u00e9s de Segura EP, desarroll\u00f3 un operativo en distintos puntos de la ciudad para retirar objetos que se utilizaban como parqueaderos improvisados, algunos de ellos con cobro de tarifas a los conductores. Durante la jornada, 40 Agentes de [&hellip;]<\/p>\n","protected":false},"author":2,"featured_media":35803,"comment_status":"open","ping_status":"closed","sticky":false,"template":"","format":"standard","meta":{"_jetpack_memberships_contains_paid_content":false,"footnotes":""},"categories":[33,13],"tags":[114,785],"class_list":["post-35802","post","type-post","status-publish","format-standard","has-post-thumbnail","hentry","category-guayaquil","category-noticias-nacionales","tag-municipio-de-guayaquil","tag-segura-ep"],"jetpack_featured_media_url":"https:\/\/radiocresatelital.com\/wp-content\/uploads\/2025\/09\/127ca979-f022-4428-b92f-d9fd1c2479dc-scaled.jpg","jetpack_sharing_enabled":true,"_links":{"self":[{"href":"https:\/\/radiocresatelital.com\/index.php?rest_route=\/wp\/v2\/posts\/35802","targetHints":{"allow":["GET"]}}],"collection":[{"href":"https:\/\/radiocresatelital.com\/index.php?rest_route=\/wp\/v2\/posts"}],"about":[{"href":"https:\/\/radiocresatelital.com\/index.php?rest_route=\/wp\/v2\/types\/post"}],"author":[{"embeddable":true,"href":"https:\/\/radiocresatelital.com\/index.php?rest_route=\/wp\/v2\/users\/2"}],"replies":[{"embeddable":true,"href":"https:\/\/radiocresatelital.com\/index.php?rest_route=%2Fwp%2Fv2%2Fcomments&post=35802"}],"version-history":[{"count":1,"href":"https:\/\/radiocresatelital.com\/index.php?rest_route=\/wp\/v2\/posts\/35802\/revisions"}],"predecessor-version":[{"id":35804,"href":"https:\/\/radiocresatelital.com\/index.php?rest_route=\/wp\/v2\/posts\/35802\/revisions\/35804"}],"wp:featuredmedia":[{"embeddable":true,"href":"https:\/\/radiocresatelital.com\/index.php?rest_route=\/wp\/v2\/media\/35803"}],"wp:attachment":[{"href":"https:\/\/radiocresatelital.com\/index.php?rest_route=%2Fwp%2Fv2%2Fmedia&parent=35802"}],"wp:term":[{"taxonomy":"category","embeddable":true,"href":"https:\/\/radiocresatelital.com\/index.php?rest_route=%2Fwp%2Fv2%2Fcategories&post=35802"},{"taxonomy":"post_tag","embeddable":true,"href":"https:\/\/radiocresatelital.com\/index.php?rest_route=%2Fwp%2Fv2%2Ftags&post=35802"}],"curies":[{"name":"wp","href":"https:\/\/api.w.org\/{rel}","templated":true}]}}