{"id":35786,"date":"2025-09-03T20:49:54","date_gmt":"2025-09-03T20:49:54","guid":{"rendered":"https:\/\/radiocresatelital.com\/?p=35786"},"modified":"2025-09-03T20:49:54","modified_gmt":"2025-09-03T20:49:54","slug":"el-karting-mostro-su-lado-mas-solidario","status":"publish","type":"post","link":"https:\/\/radiocresatelital.com\/?p=35786","title":{"rendered":"El karting mostr\u00f3 su lado m\u00e1s solidario"},"content":{"rendered":"<p>Guayaquil.- El automovilismo es uno de los deportes m\u00e1s competitivos, pero durante un fin de semana mostr\u00f3 su lado humano, con motivo de la Solidarikart, realizada en el Kart\u00f3dromo Internacional de Guayaquil.<\/p>\n<p>El evento, cuya finalidad fue obtener fondos para apoyar a las familias de las v\u00edctimas que provoc\u00f3 el accidente ocurrido en la Vuelta Automovil\u00edstica 2025, super\u00f3 todas las expectativas.<\/p>\n<p>Una gran cantidad de pilotos apoy\u00f3, no solo con su presencia en la pista, sino con implementos que forman parte de sus mejores recuerdos (trajes, guantes, cascos, etc.), los que fueron subastados para incrementar los fondos que Juan Carlos Gajardo y Marlon Baquero, organizador y uno de principales de la jornada respectivamente, entregaron a los damnificados.<\/p>\n<p>Diversas entidades se sumaron a la cruzada. El Guayaquil Karting Club colabor\u00f3 con la pista, la Federaci\u00f3n Ecuatoriana de Motociclismo con el equipo de cronometraje y la Cl\u00ednica Guayaquil con las ambulancias para garantizar la seguridad de todos los asistentes.<\/p>\n<p>El p\u00fablico no solo disfrut\u00f3 de las carreras de karting, Henry Taleb, Roberto Gilbert y Alejandro Carmona dieron una exhibici\u00f3n al mando de los coches que compiten en la Vuelta a la Rep\u00fablica.<\/p>\n<p>Adicionalmente, los amantes del deporte tuerca se deleitaron con la exposici\u00f3n de autos cl\u00e1sicos, realizada en el mismo recinto.<\/p>\n<p>Al final se premi\u00f3 a las campeones, pero lo m\u00e1s importante es que en menos de 24 horas se realiz\u00f3 la entrega de los fondos recaudados. Fue la \u00fanica v\u00e1lida donde todos ganaron.<\/p>\n<p>Los beneficiados fueron: Mar\u00eda del Pilar Terreros, en representaci\u00f3n de Santiago Ortiz (fallecido) y Felipe Ortiz (sufri\u00f3 la amputaci\u00f3n de una pierna); Sandra Lata, por Edison Josu\u00e9 Saltos (m\u00faltiples fracturas y amputaci\u00f3n de un dedo); Jos\u00e9 Merino, por Daniela Merino (fallecida); y Angela Tenecota, por \u00c1lex Apunte (m\u00faltiples traumatismos).<\/p>\n<p>De esta manera, el karting guayaquile\u00f1o demuestra su uni\u00f3n para extender su mano en momentos de necesidad, demostrando que el deporte tambi\u00e9n tiene coraz\u00f3n.<\/p>\n","protected":false},"excerpt":{"rendered":"<p>Guayaquil.- El automovilismo es uno de los deportes m\u00e1s competitivos, pero durante un fin de semana mostr\u00f3 su lado humano, con motivo de la Solidarikart, realizada en el Kart\u00f3dromo Internacional de Guayaquil. El evento, cuya finalidad fue obtener fondos para apoyar a las familias de las v\u00edctimas que provoc\u00f3 el accidente ocurrido en la Vuelta [&hellip;]<\/p>\n","protected":false},"author":2,"featured_media":35787,"comment_status":"open","ping_status":"closed","sticky":false,"template":"","format":"standard","meta":{"_jetpack_memberships_contains_paid_content":false,"footnotes":""},"categories":[9,658],"tags":[5679],"class_list":["post-35786","post","type-post","status-publish","format-standard","has-post-thumbnail","hentry","category-deportes","category-karting","tag-automovilismo"],"jetpack_featured_media_url":"https:\/\/radiocresatelital.com\/wp-content\/uploads\/2025\/09\/WhatsApp-Image-2025-09-03-at-11.16.59.jpeg","jetpack_sharing_enabled":true,"_links":{"self":[{"href":"https:\/\/radiocresatelital.com\/index.php?rest_route=\/wp\/v2\/posts\/35786","targetHints":{"allow":["GET"]}}],"collection":[{"href":"https:\/\/radiocresatelital.com\/index.php?rest_route=\/wp\/v2\/posts"}],"about":[{"href":"https:\/\/radiocresatelital.com\/index.php?rest_route=\/wp\/v2\/types\/post"}],"author":[{"embeddable":true,"href":"https:\/\/radiocresatelital.com\/index.php?rest_route=\/wp\/v2\/users\/2"}],"replies":[{"embeddable":true,"href":"https:\/\/radiocresatelital.com\/index.php?rest_route=%2Fwp%2Fv2%2Fcomments&post=35786"}],"version-history":[{"count":1,"href":"https:\/\/radiocresatelital.com\/index.php?rest_route=\/wp\/v2\/posts\/35786\/revisions"}],"predecessor-version":[{"id":35788,"href":"https:\/\/radiocresatelital.com\/index.php?rest_route=\/wp\/v2\/posts\/35786\/revisions\/35788"}],"wp:featuredmedia":[{"embeddable":true,"href":"https:\/\/radiocresatelital.com\/index.php?rest_route=\/wp\/v2\/media\/35787"}],"wp:attachment":[{"href":"https:\/\/radiocresatelital.com\/index.php?rest_route=%2Fwp%2Fv2%2Fmedia&parent=35786"}],"wp:term":[{"taxonomy":"category","embeddable":true,"href":"https:\/\/radiocresatelital.com\/index.php?rest_route=%2Fwp%2Fv2%2Fcategories&post=35786"},{"taxonomy":"post_tag","embeddable":true,"href":"https:\/\/radiocresatelital.com\/index.php?rest_route=%2Fwp%2Fv2%2Ftags&post=35786"}],"curies":[{"name":"wp","href":"https:\/\/api.w.org\/{rel}","templated":true}]}}