{"id":35768,"date":"2025-09-03T20:26:50","date_gmt":"2025-09-03T20:26:50","guid":{"rendered":"https:\/\/radiocresatelital.com\/?p=35768"},"modified":"2025-09-03T20:27:00","modified_gmt":"2025-09-03T20:27:00","slug":"casi-9-000-ciudadanos-definieron-las-obras-y-servicios-prioritarios-del-presupuesto-2026","status":"publish","type":"post","link":"https:\/\/radiocresatelital.com\/?p=35768","title":{"rendered":"Casi 9.000 ciudadanos definieron las obras y servicios prioritarios del presupuesto 2026"},"content":{"rendered":"<p>Guayaquil.- En un hito hist\u00f3rico, la Alcald\u00eda de Guayaquil alcanz\u00f3 8.850 priorizaciones de obras y servicios dentro del proceso del presupuesto participativo 2026, que por primera vez permiti\u00f3 a ciudadanos, l\u00edderes barriales, comit\u00e9s y organizaciones incidir directamente en la planificaci\u00f3n municipal y en la asignaci\u00f3n de recursos del pr\u00f3ximo a\u00f1o.<\/p>\n<p>Este ejercicio de participaci\u00f3n ciudadana se desarroll\u00f3 entre el 15 y el 31 de agosto, a trav\u00e9s de la plataforma digital decide.guayaquil.gob.ec, donde la comunidad pudo elegir entre 79 proyectos precalificados. La herramienta ofreci\u00f3 un mapa interactivo para explorar iniciativas por categor\u00edas, revisar sus detalles y priorizar aquellas consideradas m\u00e1s relevantes para cada sector.<\/p>\n<p>Los proyectos priorizados se clasificaron en cinco \u00e1mbitos de inversi\u00f3n municipal: 4.920 en infraestructura urbana y rural, 1.611 en temas sociales, 1.406 en seguridad, 540 en ambiente, riesgo y cambio clim\u00e1tico, y 373 en el \u00e1mbito econ\u00f3mico.<\/p>\n<p>En esta votaci\u00f3n abierta se recogieron propuestas para distintos sectores de la ciudad como Monte Sina\u00ed, Mapasingue Oeste, Alborada, Ceibos Norte, El Morro, Los Vergeles, Pradera 1, Samanes 1, Sauces 2, Metr\u00f3polis 1, Guasmo Sur, Urdenor 2, Guangala, Kennedy y Basti\u00f3n Popular, entre otros.<\/p>\n<p>La Alcald\u00eda de Guayaquil destinar\u00e1 hasta USD 20 millones del presupuesto municipal para financiar los proyectos priorizados. En la siguiente etapa, estas definiciones ser\u00e1n incorporadas en los proyectos de presupuesto de las dependencias y empresas municipales.<\/p>\n<p>Finalmente, previo a su aprobaci\u00f3n por el Concejo Municipal, el anteproyecto ser\u00e1 conocido por la Asamblea Cantonal de Participaci\u00f3n Ciudadana de Guayaquil, que emitir\u00e1 su resoluci\u00f3n de conformidad, conforme lo establece el C\u00f3digo Org\u00e1nico de Organizaci\u00f3n Territorial, Autonom\u00eda y Descentralizaci\u00f3n (COOTAD).<\/p>\n","protected":false},"excerpt":{"rendered":"<p>Guayaquil.- En un hito hist\u00f3rico, la Alcald\u00eda de Guayaquil alcanz\u00f3 8.850 priorizaciones de obras y servicios dentro del proceso del presupuesto participativo 2026, que por primera vez permiti\u00f3 a ciudadanos, l\u00edderes barriales, comit\u00e9s y organizaciones incidir directamente en la planificaci\u00f3n municipal y en la asignaci\u00f3n de recursos del pr\u00f3ximo a\u00f1o. Este ejercicio de participaci\u00f3n ciudadana [&hellip;]<\/p>\n","protected":false},"author":2,"featured_media":35769,"comment_status":"open","ping_status":"closed","sticky":false,"template":"","format":"standard","meta":{"_jetpack_memberships_contains_paid_content":false,"footnotes":""},"categories":[33,13],"tags":[293],"class_list":["post-35768","post","type-post","status-publish","format-standard","has-post-thumbnail","hentry","category-guayaquil","category-noticias-nacionales","tag-alcaldia-de-guayaquil"],"jetpack_featured_media_url":"https:\/\/radiocresatelital.com\/wp-content\/uploads\/2025\/09\/WhatsApp-Image-2025-08-15-at-14.46.02-scaled.jpeg","jetpack_sharing_enabled":true,"_links":{"self":[{"href":"https:\/\/radiocresatelital.com\/index.php?rest_route=\/wp\/v2\/posts\/35768","targetHints":{"allow":["GET"]}}],"collection":[{"href":"https:\/\/radiocresatelital.com\/index.php?rest_route=\/wp\/v2\/posts"}],"about":[{"href":"https:\/\/radiocresatelital.com\/index.php?rest_route=\/wp\/v2\/types\/post"}],"author":[{"embeddable":true,"href":"https:\/\/radiocresatelital.com\/index.php?rest_route=\/wp\/v2\/users\/2"}],"replies":[{"embeddable":true,"href":"https:\/\/radiocresatelital.com\/index.php?rest_route=%2Fwp%2Fv2%2Fcomments&post=35768"}],"version-history":[{"count":1,"href":"https:\/\/radiocresatelital.com\/index.php?rest_route=\/wp\/v2\/posts\/35768\/revisions"}],"predecessor-version":[{"id":35770,"href":"https:\/\/radiocresatelital.com\/index.php?rest_route=\/wp\/v2\/posts\/35768\/revisions\/35770"}],"wp:featuredmedia":[{"embeddable":true,"href":"https:\/\/radiocresatelital.com\/index.php?rest_route=\/wp\/v2\/media\/35769"}],"wp:attachment":[{"href":"https:\/\/radiocresatelital.com\/index.php?rest_route=%2Fwp%2Fv2%2Fmedia&parent=35768"}],"wp:term":[{"taxonomy":"category","embeddable":true,"href":"https:\/\/radiocresatelital.com\/index.php?rest_route=%2Fwp%2Fv2%2Fcategories&post=35768"},{"taxonomy":"post_tag","embeddable":true,"href":"https:\/\/radiocresatelital.com\/index.php?rest_route=%2Fwp%2Fv2%2Ftags&post=35768"}],"curies":[{"name":"wp","href":"https:\/\/api.w.org\/{rel}","templated":true}]}}