{"id":35765,"date":"2025-09-03T20:22:10","date_gmt":"2025-09-03T20:22:10","guid":{"rendered":"https:\/\/radiocresatelital.com\/?p=35765"},"modified":"2025-09-03T20:22:10","modified_gmt":"2025-09-03T20:22:10","slug":"ecuador-presenta-la-estrategia-nacional-de-accion-para-el-empoderamiento-climatico-enace-2026-2035","status":"publish","type":"post","link":"https:\/\/radiocresatelital.com\/?p=35765","title":{"rendered":"Ecuador presenta la Estrategia Nacional de Acci\u00f3n para el Empoderamiento Clim\u00e1tico (ENACE) 2026-2035"},"content":{"rendered":"<p>Quito.- Este 3 de septiembre, desde el Jard\u00edn Bot\u00e1nico de Quito, la ministra In\u00e9s Mar\u00eda Manzano, junto a representantes de UNICEF y UNITAR, presentaron oficialmente la Estrategia Nacional de Acci\u00f3n para el Empoderamiento Clim\u00e1tico (ENACE) 2026-2035, un instrumento de pol\u00edtica p\u00fablica que fortalece la capacidad de la sociedad civil para adaptarse y responder a los impactos del cambio clim\u00e1tico.<\/p>\n<p>En el encuentro, la ministra Manzano resalt\u00f3 el desarrollo de esta iniciativa, fruto de un amplio proceso que cont\u00f3 con la participaci\u00f3n de m\u00e1s de 400 actores a nivel nacional, de los cuales el 62% fueron mujeres. \u201cLa ENACE no es solo un documento, es una pol\u00edtica clim\u00e1tica de involucramiento que refleja la diversidad, la juventud y la capacidad de nuestro pa\u00eds para enfrentar los grandes desaf\u00edos del cambio clim\u00e1tico. Hoy reafirmamos que la acci\u00f3n clim\u00e1tica es tambi\u00e9n una causa social, educativa, cultural y humana\u201d, afirm\u00f3.<\/p>\n<p>Asimismo, en esta iniciativa colaboraron m\u00e1s de 100 ni\u00f1as, ni\u00f1os, adolescentes y j\u00f3venes, quienes compartieron sus ideas, reafirmando que el futuro clim\u00e1tico solo puede construirse con la inclusi\u00f3n de las nuevas generaciones.<\/p>\n<p>Gracias a este esfuerzo colectivo, Ecuador se convierte en el cuarto pa\u00eds de Am\u00e9rica Latina en contar con una Estrategia Nacional de Acci\u00f3n para el Empoderamiento Clim\u00e1tico, posicion\u00e1ndose como un referente regional, basado en seis pilares estrat\u00e9gicos: educaci\u00f3n, formaci\u00f3n, sensibilizaci\u00f3n, acceso a la informaci\u00f3n, participaci\u00f3n p\u00fablica y cooperaci\u00f3n internacional.<\/p>\n<p>Durante lo que resta de 2025 y hasta inicios de 2026 se elaborar\u00e1 de manera participativa, el Plan de Implementaci\u00f3n de la ENACE, que se constituir\u00e1 en la hoja de ruta operativa de esta estrategia.<\/p>\n<p>Esta cartera de Estado resalta el acompa\u00f1amiento t\u00e9cnico de UNICEF, UNITAR y la iniciativa NDC Partnership en este proceso, enmarcado en los compromisos internacionales del Ecuador con los Acuerdos de Par\u00eds y Escaz\u00fa sobre combate al cambio clim\u00e1tico y desarrollo sostenible.<\/p>\n","protected":false},"excerpt":{"rendered":"<p>Quito.- Este 3 de septiembre, desde el Jard\u00edn Bot\u00e1nico de Quito, la ministra In\u00e9s Mar\u00eda Manzano, junto a representantes de UNICEF y UNITAR, presentaron oficialmente la Estrategia Nacional de Acci\u00f3n para el Empoderamiento Clim\u00e1tico (ENACE) 2026-2035, un instrumento de pol\u00edtica p\u00fablica que fortalece la capacidad de la sociedad civil para adaptarse y responder a los [&hellip;]<\/p>\n","protected":false},"author":2,"featured_media":35766,"comment_status":"open","ping_status":"closed","sticky":false,"template":"","format":"standard","meta":{"_jetpack_memberships_contains_paid_content":false,"footnotes":""},"categories":[13],"tags":[1324,5674],"class_list":["post-35765","post","type-post","status-publish","format-standard","has-post-thumbnail","hentry","category-noticias-nacionales","tag-jardin-botanico-de-quito","tag-ministra-ines-maria-manzano"],"jetpack_featured_media_url":"https:\/\/radiocresatelital.com\/wp-content\/uploads\/2025\/09\/ines-manzano-tasa-minera-1024x683-1.jpg","jetpack_sharing_enabled":true,"_links":{"self":[{"href":"https:\/\/radiocresatelital.com\/index.php?rest_route=\/wp\/v2\/posts\/35765","targetHints":{"allow":["GET"]}}],"collection":[{"href":"https:\/\/radiocresatelital.com\/index.php?rest_route=\/wp\/v2\/posts"}],"about":[{"href":"https:\/\/radiocresatelital.com\/index.php?rest_route=\/wp\/v2\/types\/post"}],"author":[{"embeddable":true,"href":"https:\/\/radiocresatelital.com\/index.php?rest_route=\/wp\/v2\/users\/2"}],"replies":[{"embeddable":true,"href":"https:\/\/radiocresatelital.com\/index.php?rest_route=%2Fwp%2Fv2%2Fcomments&post=35765"}],"version-history":[{"count":1,"href":"https:\/\/radiocresatelital.com\/index.php?rest_route=\/wp\/v2\/posts\/35765\/revisions"}],"predecessor-version":[{"id":35767,"href":"https:\/\/radiocresatelital.com\/index.php?rest_route=\/wp\/v2\/posts\/35765\/revisions\/35767"}],"wp:featuredmedia":[{"embeddable":true,"href":"https:\/\/radiocresatelital.com\/index.php?rest_route=\/wp\/v2\/media\/35766"}],"wp:attachment":[{"href":"https:\/\/radiocresatelital.com\/index.php?rest_route=%2Fwp%2Fv2%2Fmedia&parent=35765"}],"wp:term":[{"taxonomy":"category","embeddable":true,"href":"https:\/\/radiocresatelital.com\/index.php?rest_route=%2Fwp%2Fv2%2Fcategories&post=35765"},{"taxonomy":"post_tag","embeddable":true,"href":"https:\/\/radiocresatelital.com\/index.php?rest_route=%2Fwp%2Fv2%2Ftags&post=35765"}],"curies":[{"name":"wp","href":"https:\/\/api.w.org\/{rel}","templated":true}]}}