{"id":35759,"date":"2025-09-03T20:04:53","date_gmt":"2025-09-03T20:04:53","guid":{"rendered":"https:\/\/radiocresatelital.com\/?p=35759"},"modified":"2025-09-03T20:04:53","modified_gmt":"2025-09-03T20:04:53","slug":"83-nuevos-equipos-fortaleceran-el-diagnostico-auditivo-y-neurologico-en-37-hospitales-ecuador","status":"publish","type":"post","link":"https:\/\/radiocresatelital.com\/?p=35759","title":{"rendered":"83 nuevos equipos fortalecer\u00e1n el diagn\u00f3stico auditivo y neurol\u00f3gico en 37 hospitales Ecuador"},"content":{"rendered":"<p>Quito.-\u00a0El Ministerio de Salud P\u00fablica (MSP) fortalece los servicios de diagn\u00f3stico audiol\u00f3gico y neurol\u00f3gico a nivel nacional con la adquisici\u00f3n de equipos de alta tecnolog\u00eda. La inversi\u00f3n asciende a USD 1.665.600 con apoyo del Banco Interamericano de Desarrollo (BID) y en el marco del programa \u201cApoyo a la Inclusi\u00f3n Social de Personas con Discapacidad en Ecuador\u201d,\u00a0mediante dos contratos.<\/p>\n<p>Uno de los contratos permiti\u00f3 la adquisici\u00f3n de 46 equipos de Potenciales Evocados Auditivos (PEA), cuya inversi\u00f3n fue de USD 1.421.400 lo que permitir\u00e1 mejorar la capacidad de diagn\u00f3stico en 37 hospitales y centros especializados de 19 provincias, incluyendo Imbabura, Pichincha, Guayas, Azuay y Manab\u00ed, entre otras.<\/p>\n<p>Esta amplia distribuci\u00f3n garantiza que m\u00e1s personas, especialmente ni\u00f1os y pacientes vulnerables, tengan acceso a una detecci\u00f3n auditiva y neurol\u00f3gica temprana mejorando significativamente la cobertura y calidad de los servicios de salud especializados en todo el pa\u00eds.<\/p>\n<p>La tecnolog\u00eda de Potenciales Evocados Auditivos (PEA) resulta especialmente valiosa en diversos contextos cl\u00ednicos: en beb\u00e9s y reci\u00e9n nacidos, permite la detecci\u00f3n temprana de la p\u00e9rdida auditiva neurosensorial; en personas con discapacidad, facilita la evaluaci\u00f3n de quienes no pueden comunicarse verbalmente; y en pacientes con lesiones cerebrales o trastornos neurol\u00f3gicos contribuye a identificar alteraciones en las v\u00edas auditivas. El valor de cada equipo es de USD 30.900.<\/p>\n<p>El segundo contrato concret\u00f3 la compra de 37 audi\u00f3metros cl\u00ednicos de dos canales por un valor de USD 244.200. Estos equipos constituyen una herramienta esencial para la evaluaci\u00f3n precisa de la audici\u00f3n, permitiendo a los especialistas medir la capacidad auditiva en diferentes frecuencias y niveles de volumen.<\/p>\n<p><img decoding=\"async\" class=\"aligncenter\" src=\"https:\/\/www.salud.gob.ec\/wp-content\/uploads\/2025\/09\/IMG_20250818_160348_798-scaled.jpg\" \/><\/p>\n<p>Estrat\u00e9gicamente los equipos se enviaron a 25 ciudades del pa\u00eds, incluyendo hospitales y centros de rehabilitaci\u00f3n en Ibarra, Tulc\u00e1n, Esmeraldas, Latacunga, Guayaquil, Ambato, Riobamba, Dur\u00e1n, Quito, Puyo, Zamora, Machachi, Cuenca, Azogues, Portoviejo, Santo Domingo, Manta, Babahoyo, Milagro, Lago Agrio, Loja, Machala, Bah\u00eda de Car\u00e1quez, Chone y Santa Elena. Esta distribuci\u00f3n asegura una cobertura m\u00e1s amplia y equitativa, llevando la tecnolog\u00eda necesaria para un diagn\u00f3stico audiol\u00f3gico preciso a m\u00e1s ecuatorianos.<\/p>\n<p>Con los audi\u00f3metros cl\u00ednicos de dos canales, es posible identificar de manera precisa el tipo y grado de p\u00e9rdida auditiva, incluso en casos complejos, lo que permite implementar planes de tratamiento personalizados.<\/p>\n<p>La dotaci\u00f3n de nuevos equipos a 35 hospitales del pa\u00eds incrementa la capacidad diagn\u00f3stica del Sistema Nacional de Salud, garantizando un abordaje audiol\u00f3gico integral y oportuno.\u00a0Asimismo, optimiza los recursos sanitarios y favorece la inclusi\u00f3n social de las personas con discapacidad auditiva.<\/p>\n<p>Estos equipos permitir\u00e1n un avance significativo en la calidad y cobertura de la atenci\u00f3n audiol\u00f3gica, consolidando el esfuerzo del Gobierno ecuatoriano por brindar servicios de salud inclusivos y de excelencia.<\/p>\n<p>&nbsp;<\/p>\n","protected":false},"excerpt":{"rendered":"<p>Quito.-\u00a0El Ministerio de Salud P\u00fablica (MSP) fortalece los servicios de diagn\u00f3stico audiol\u00f3gico y neurol\u00f3gico a nivel nacional con la adquisici\u00f3n de equipos de alta tecnolog\u00eda. La inversi\u00f3n asciende a USD 1.665.600 con apoyo del Banco Interamericano de Desarrollo (BID) y en el marco del programa \u201cApoyo a la Inclusi\u00f3n Social de Personas con Discapacidad en [&hellip;]<\/p>\n","protected":false},"author":2,"featured_media":35760,"comment_status":"open","ping_status":"closed","sticky":false,"template":"","format":"standard","meta":{"_jetpack_memberships_contains_paid_content":false,"footnotes":""},"categories":[13],"tags":[148],"class_list":["post-35759","post","type-post","status-publish","format-standard","has-post-thumbnail","hentry","category-noticias-nacionales","tag-ministerio-de-salud-publica"],"jetpack_featured_media_url":"https:\/\/radiocresatelital.com\/wp-content\/uploads\/2025\/09\/5-1536x1152-1.jpeg","jetpack_sharing_enabled":true,"_links":{"self":[{"href":"https:\/\/radiocresatelital.com\/index.php?rest_route=\/wp\/v2\/posts\/35759","targetHints":{"allow":["GET"]}}],"collection":[{"href":"https:\/\/radiocresatelital.com\/index.php?rest_route=\/wp\/v2\/posts"}],"about":[{"href":"https:\/\/radiocresatelital.com\/index.php?rest_route=\/wp\/v2\/types\/post"}],"author":[{"embeddable":true,"href":"https:\/\/radiocresatelital.com\/index.php?rest_route=\/wp\/v2\/users\/2"}],"replies":[{"embeddable":true,"href":"https:\/\/radiocresatelital.com\/index.php?rest_route=%2Fwp%2Fv2%2Fcomments&post=35759"}],"version-history":[{"count":1,"href":"https:\/\/radiocresatelital.com\/index.php?rest_route=\/wp\/v2\/posts\/35759\/revisions"}],"predecessor-version":[{"id":35761,"href":"https:\/\/radiocresatelital.com\/index.php?rest_route=\/wp\/v2\/posts\/35759\/revisions\/35761"}],"wp:featuredmedia":[{"embeddable":true,"href":"https:\/\/radiocresatelital.com\/index.php?rest_route=\/wp\/v2\/media\/35760"}],"wp:attachment":[{"href":"https:\/\/radiocresatelital.com\/index.php?rest_route=%2Fwp%2Fv2%2Fmedia&parent=35759"}],"wp:term":[{"taxonomy":"category","embeddable":true,"href":"https:\/\/radiocresatelital.com\/index.php?rest_route=%2Fwp%2Fv2%2Fcategories&post=35759"},{"taxonomy":"post_tag","embeddable":true,"href":"https:\/\/radiocresatelital.com\/index.php?rest_route=%2Fwp%2Fv2%2Ftags&post=35759"}],"curies":[{"name":"wp","href":"https:\/\/api.w.org\/{rel}","templated":true}]}}