{"id":3571,"date":"2023-09-02T20:16:37","date_gmt":"2023-09-02T20:16:37","guid":{"rendered":"https:\/\/radiocresatelital.com\/?p=3571"},"modified":"2023-09-02T20:16:37","modified_gmt":"2023-09-02T20:16:37","slug":"manabi-y-azuay-los-reyes-de-aguas-abiertas","status":"publish","type":"post","link":"https:\/\/radiocresatelital.com\/?p=3571","title":{"rendered":"Manab\u00ed y Azuay los reyes de aguas abiertas"},"content":{"rendered":"<p>Salinas.- Juan Alc\u00edvar, Federaci\u00f3n Deportiva de Manab\u00ed, y Danna Mart\u00ednez, Federaci\u00f3n Deportiva de Azuay, se ba\u00f1aron en oro en los 5k de aguas abiertas de los Juegos Nacionales Juveniles que se cumpli\u00f3 la ma\u00f1ana de este s\u00e1bado en la playa de San Lorenzo, en Salinas.<\/p>\n<p>Una experiencia de 3 a\u00f1os en la disciplina, le dieron a Juan la oportunidad de cruzar la meta luego de 1h01m11,57s. Por su parte, Fidel Padilla, de Pichincha, y Juan Aguirre, de Azuay, se situaron en segunda y tercera posici\u00f3n con cronos de 1h01m40,39s y 1h04m11,71s.<\/p>\n<p>\u201cEstoy muy contento de haberle dado este logro a mi provincia, en especial a Manta. Ma\u00f1ana quiero conseguir tambi\u00e9n el primer lugar en los 7.5km para que Manab\u00ed aumente su cantidad de medallas de oro. No voy a confiarme de nada porque s\u00e9 que la competencia va a estar dura\u201d, admiti\u00f3 Alc\u00edvar tras vencer a sus 7 rivales.<\/p>\n<p>De su lado, Danna se coron\u00f3 campeona con 1h07m46,36s, seguida muy de cerca por su compa\u00f1era de la delegaci\u00f3n pichinchana, Karen Coello, quien se adjudic\u00f3 la de plata con 1h10m00,61s.<\/p>\n<p>Resultado que no pudo superar Adriana Matute, quien se llev\u00f3 la de bronce para Azuay con 1h10m31,90s.<\/p>\n<p>\u201cTuve que manejar estar prueba con mucha cabeza. Como la semana pasada compet\u00ed en piscina, hoy en la primera vuelta fui m\u00e1s suave para ver el ritmo que iban a mantener mis competidoras. Luego de eso di un cambio considerable en mi velocidad para poder sacar la ventaja que tuve y as\u00ed ganar\u201d, dijo Mart\u00ednez.<\/p>\n<p>Los deportistas buscar\u00e1n nuevamente ubicarse en lo m\u00e1s alto del podio este domingo, durante la segunda y \u00faltima jornada de aguas abiertas en los 7.5k.<\/p>\n","protected":false},"excerpt":{"rendered":"<p>Salinas.- Juan Alc\u00edvar, Federaci\u00f3n Deportiva de Manab\u00ed, y Danna Mart\u00ednez, Federaci\u00f3n Deportiva de Azuay, se ba\u00f1aron en oro en los 5k de aguas abiertas de los Juegos Nacionales Juveniles que se cumpli\u00f3 la ma\u00f1ana de este s\u00e1bado en la playa de San Lorenzo, en Salinas. Una experiencia de 3 a\u00f1os en la disciplina, le dieron [&hellip;]<\/p>\n","protected":false},"author":2,"featured_media":3572,"comment_status":"open","ping_status":"closed","sticky":false,"template":"","format":"standard","meta":{"_jetpack_memberships_contains_paid_content":false,"footnotes":""},"categories":[9],"tags":[650],"class_list":["post-3571","post","type-post","status-publish","format-standard","has-post-thumbnail","hentry","category-deportes","tag-juegos-nacionales-juveniles"],"jetpack_featured_media_url":"https:\/\/radiocresatelital.com\/wp-content\/uploads\/2023\/09\/IMG-20230902-WA0091-1536x864-1.jpg","jetpack_sharing_enabled":true,"_links":{"self":[{"href":"https:\/\/radiocresatelital.com\/index.php?rest_route=\/wp\/v2\/posts\/3571","targetHints":{"allow":["GET"]}}],"collection":[{"href":"https:\/\/radiocresatelital.com\/index.php?rest_route=\/wp\/v2\/posts"}],"about":[{"href":"https:\/\/radiocresatelital.com\/index.php?rest_route=\/wp\/v2\/types\/post"}],"author":[{"embeddable":true,"href":"https:\/\/radiocresatelital.com\/index.php?rest_route=\/wp\/v2\/users\/2"}],"replies":[{"embeddable":true,"href":"https:\/\/radiocresatelital.com\/index.php?rest_route=%2Fwp%2Fv2%2Fcomments&post=3571"}],"version-history":[{"count":1,"href":"https:\/\/radiocresatelital.com\/index.php?rest_route=\/wp\/v2\/posts\/3571\/revisions"}],"predecessor-version":[{"id":3573,"href":"https:\/\/radiocresatelital.com\/index.php?rest_route=\/wp\/v2\/posts\/3571\/revisions\/3573"}],"wp:featuredmedia":[{"embeddable":true,"href":"https:\/\/radiocresatelital.com\/index.php?rest_route=\/wp\/v2\/media\/3572"}],"wp:attachment":[{"href":"https:\/\/radiocresatelital.com\/index.php?rest_route=%2Fwp%2Fv2%2Fmedia&parent=3571"}],"wp:term":[{"taxonomy":"category","embeddable":true,"href":"https:\/\/radiocresatelital.com\/index.php?rest_route=%2Fwp%2Fv2%2Fcategories&post=3571"},{"taxonomy":"post_tag","embeddable":true,"href":"https:\/\/radiocresatelital.com\/index.php?rest_route=%2Fwp%2Fv2%2Ftags&post=3571"}],"curies":[{"name":"wp","href":"https:\/\/api.w.org\/{rel}","templated":true}]}}