{"id":3562,"date":"2023-09-02T17:49:26","date_gmt":"2023-09-02T17:49:26","guid":{"rendered":"https:\/\/radiocresatelital.com\/?p=3562"},"modified":"2023-09-02T17:49:26","modified_gmt":"2023-09-02T17:49:26","slug":"firma-de-convenio-interinstitucional-univ-de-guayaquil-aso-provincial-de-beisbol-del-guayas","status":"publish","type":"post","link":"https:\/\/radiocresatelital.com\/?p=3562","title":{"rendered":"Firma de Convenio Interinstitucional Univ. de Guayaquil &#8211; Aso. Provincial de B\u00e9isbol del Guayas"},"content":{"rendered":"<p>Guayaquil.- Seguimos sumando logros para el b\u00e9isbol en la provincia del Guayas. \u00a1Ha ganado el deporte, ha ganado el b\u00e9isbol! El d\u00eda mi\u00e9rcoles 30 de agosto se llev\u00f3 a cabo la Firma del Convenio entre la Universidad de Guayaquil y la Asociaci\u00f3n Deportiva Provincial de B\u00e9isbol del Guayas, cuyo prop\u00f3sito es brindarle, a los estudiantes de la carrera de Educaci\u00f3n F\u00edsica, la posibilidad de realizar sus pr\u00e1cticas preprofesionales en las instalaciones del Estadio Yeyo \u00daraga, beneficiando directamente al estudiante, as\u00ed como a la Asociaci\u00f3n, al poder contar con futuros profesionales del deporte, quienes podr\u00e1n impartir sus conocimientos adquiridos en la disciplina del b\u00e9isbol con ni\u00f1os y j\u00f3venes que asisten a nuestro legendario diamante.<\/p>\n<p>Al mismo tiempo, la Universidad de Guayaquil, firm\u00f3 un convenio de cooperaci\u00f3n con la Junta de Beneficencia de Guayaquil, que tambi\u00e9n busca brindar espacios para las pr\u00e1cticas preprofesionales de los estudiantes de la Facultad de Educaci\u00f3n F\u00edsica, en la materia del f\u00fatbol.<\/p>\n<p>El Decano de la Facultad de Educaci\u00f3n F\u00edsica, Deporte y Recreaci\u00f3n, Magister \u00c1lvaro Espinoza Burgos, nos comparti\u00f3 su importante opini\u00f3n<br \/>\nacerca del alcance de la firma de estos convenios.<\/p>\n<p>\u201cLa Universidad de Guayaquil, por medio de su rector, doctor Francisco Lenin Mor\u00e1n Pe\u00f1a, invita a la sociedad guayaquile\u00f1a a que sea m\u00e1s<br \/>\nparticipativa en los diferentes eventos que la Universidad de Guayaquil est\u00e1 impulsando en conjunto con las diferentes instituciones.<br \/>\nY ah\u00ed tenemos la Asociaci\u00f3n de B\u00e9isbol, la Asociaci\u00f3n de B\u00e9isbol del Guayas, que est\u00e1 impulsando el b\u00e9isbol. Estamos despertando ese<br \/>\nb\u00e9isbol. El d\u00eda domingo estuvimos participando y apoyando al club \u201cYo Soy Guayaco\u201d. \u00bfPor qu\u00e9? Porque vemos que nosotros podemos hacer<br \/>\nmucho por ellos y ellos van a hacer mucho por nosotros. Ese diamante del Yeyo. Tenemos que despertarlo. Es un oso que est\u00e1 durmiendo, que<br \/>\nestuvo durmiendo mucho tiempo.<\/p>\n<p>Pero ahora ya despert\u00f3. Y junto con la universidad de Guayaquil y la Asociaci\u00f3n de B\u00e9isbol Organizaci\u00f3n Provincial de B\u00e9isbol con Marthita<br \/>\nCanales tambi\u00e9n que va a estar ah\u00ed apoy\u00e1ndonos como administradora de ese escenario. Vamos a cristalizar muchos eventos que vayan en<br \/>\nbeneficio de los profesores y estudiantes de la Facultad de Educaci\u00f3n F\u00edsica, estrechamente trabajando por el bien com\u00fan y por el bien del<br \/>\ndespertar de este hermoso deporte como es el b\u00e9isbol.\u201d<\/p>\n<p>El Sr. Jack Aragundi, Presidente de la Asociaci\u00f3n Deportiva Provincial de B\u00e9isbol del Guayas, manifest\u00f3 su rotundo agradecimiento por la apertura de la Facultad de Educaci\u00f3n F\u00edsica de la Universidad de Guayaquil, a trav\u00e9s de su Decano, para lograr esta cooperaci\u00f3n, que permitir\u00e1 fomentar a\u00fan m\u00e1s el b\u00e9isbol y pueda volver al sitial que ocupaba d\u00e9cadas atr\u00e1s.<\/p>\n<p>Jack Aragundi, nos comunic\u00f3 el trabajo que ha realizado la Asociaci\u00f3n en favor de la pr\u00e1ctica del b\u00e9isbol y los destacados logros obtenidos en un a\u00f1o de su gesti\u00f3n.<\/p>\n<p>\u201cNosotros como asociaci\u00f3n nos sentimos totalmente complacidos que seguimos trabajando y desarrollando el tema del b\u00e9isbol en la provincia.<br \/>\nYo creo que en el poco tiempo que hemos estado en esta administraci\u00f3n hemos hecho muchas cosas que nos ha llevado a cumplir metas que son como tener un escenario de primer orden, como es la cancha.<\/p>\n<p>Jack Aragundi, nos comunic\u00f3 el trabajo que ha realizado la Asociaci\u00f3n en favor de la pr\u00e1ctica del b\u00e9isbol y los destacados logros obtenidos en un a\u00f1o de su gesti\u00f3n.<\/p>\n<p>\u201cNosotros como asociaci\u00f3n nos sentimos totalmente complacidos que seguimos trabajando y desarrollando el tema del b\u00e9isbol en la provincia.<br \/>\nYo creo que en el poco tiempo que hemos estado en esta administraci\u00f3n hemos hecho muchas cosas que nos ha llevado a cumplir metas que son como tener un escenario de primer orden, como es la cancha.<\/p>\n<p>\u201cPara nosotros como Asociaci\u00f3n Provincial de B\u00e9isbol del Guayas, quienes venimos haciendo una labor social deportiva, hoy en cancha<br \/>\ntenemos 300 ni\u00f1os totalmente gratuitos en las ma\u00f1anas de escuelas que est\u00e1n en el sector alrededor del estadio Yeyo \u00daraga. Hoy podemos decir que el b\u00e9isbol se levanta en Guayaquil con un deporte inclusivo porque tambi\u00e9n estamos proyectados a tener 60 ni\u00f1os con capacidades<br \/>\nespeciales.<\/p>\n<p>Hoy, de la mano de los alumnos de FEDER, hemos podido desarrollar proyectos para el bien de la comunidad. A ustedes, much\u00edsimas gracias<br \/>\npor la confianza a nuestros proyectos. Se\u00f1or Decano, Huguito. Para nosotros es un honor ir de la mano con ustedes desarrollando el b\u00e9isbol a<br \/>\nnivel de la provincia, Dios mediante, a nivel de Ecuador. Muchas gracias.\u201d<\/p>\n","protected":false},"excerpt":{"rendered":"<p>Guayaquil.- Seguimos sumando logros para el b\u00e9isbol en la provincia del Guayas. \u00a1Ha ganado el deporte, ha ganado el b\u00e9isbol! El d\u00eda mi\u00e9rcoles 30 de agosto se llev\u00f3 a cabo la Firma del Convenio entre la Universidad de Guayaquil y la Asociaci\u00f3n Deportiva Provincial de B\u00e9isbol del Guayas, cuyo prop\u00f3sito es brindarle, a los estudiantes [&hellip;]<\/p>\n","protected":false},"author":2,"featured_media":3563,"comment_status":"open","ping_status":"closed","sticky":false,"template":"","format":"standard","meta":{"_jetpack_memberships_contains_paid_content":false,"footnotes":""},"categories":[689,9],"tags":[692,690,691],"class_list":["post-3562","post","type-post","status-publish","format-standard","has-post-thumbnail","hentry","category-beisbol","category-deportes","tag-asociacion-beisbol-guayas","tag-convenio","tag-univ-guayaquil"],"jetpack_featured_media_url":"https:\/\/radiocresatelital.com\/wp-content\/uploads\/2023\/09\/WhatsApp-Image-2023-05-13-at-20.54.41-1-1024x461-1.jpeg","jetpack_sharing_enabled":true,"_links":{"self":[{"href":"https:\/\/radiocresatelital.com\/index.php?rest_route=\/wp\/v2\/posts\/3562","targetHints":{"allow":["GET"]}}],"collection":[{"href":"https:\/\/radiocresatelital.com\/index.php?rest_route=\/wp\/v2\/posts"}],"about":[{"href":"https:\/\/radiocresatelital.com\/index.php?rest_route=\/wp\/v2\/types\/post"}],"author":[{"embeddable":true,"href":"https:\/\/radiocresatelital.com\/index.php?rest_route=\/wp\/v2\/users\/2"}],"replies":[{"embeddable":true,"href":"https:\/\/radiocresatelital.com\/index.php?rest_route=%2Fwp%2Fv2%2Fcomments&post=3562"}],"version-history":[{"count":1,"href":"https:\/\/radiocresatelital.com\/index.php?rest_route=\/wp\/v2\/posts\/3562\/revisions"}],"predecessor-version":[{"id":3564,"href":"https:\/\/radiocresatelital.com\/index.php?rest_route=\/wp\/v2\/posts\/3562\/revisions\/3564"}],"wp:featuredmedia":[{"embeddable":true,"href":"https:\/\/radiocresatelital.com\/index.php?rest_route=\/wp\/v2\/media\/3563"}],"wp:attachment":[{"href":"https:\/\/radiocresatelital.com\/index.php?rest_route=%2Fwp%2Fv2%2Fmedia&parent=3562"}],"wp:term":[{"taxonomy":"category","embeddable":true,"href":"https:\/\/radiocresatelital.com\/index.php?rest_route=%2Fwp%2Fv2%2Fcategories&post=3562"},{"taxonomy":"post_tag","embeddable":true,"href":"https:\/\/radiocresatelital.com\/index.php?rest_route=%2Fwp%2Fv2%2Ftags&post=3562"}],"curies":[{"name":"wp","href":"https:\/\/api.w.org\/{rel}","templated":true}]}}