{"id":35582,"date":"2025-09-02T17:39:24","date_gmt":"2025-09-02T17:39:24","guid":{"rendered":"https:\/\/radiocresatelital.com\/?p=35582"},"modified":"2025-09-02T17:52:32","modified_gmt":"2025-09-02T17:52:32","slug":"cruzeiro-tendra-como-refuerzo-al-volante-tricolor-kenny-arroyo","status":"publish","type":"post","link":"https:\/\/radiocresatelital.com\/?p=35582","title":{"rendered":"Cruzeiro tendr\u00e1 como refuerzo al volante Tricolor Kenny Arroyo"},"content":{"rendered":"<p>Sao Paulo. &#8211; Este martes 2 de septiembre de 2025, el ecuatoriano Keny Arroyo, fue oficialmente anunciado por Cruzeiro Esporte Club de Brasil.<\/p>\n<p>Seg\u00fan publicaci\u00f3n en la cuenta de la red social X del cuadro brasile\u00f1o, firm\u00f3 contrato con la &#8216;Raposa&#8217; hasta finales del a\u00f1o 2029:\u00a0\u00ab\u00a1Bienvenido! Keny Arroyo. El joven delantero ecuatoriano, que jug\u00f3 en el Besiktas-TUR, ha firmado con el Cruzeiro hasta finales de 2029\u00bb<\/p>\n<p>Kenny Arroyo, arribo a Brasil, este 1 de septiembre y sus primeras expresiones fueron: \u201cMuy feliz de poder llegar a Cruzeiro, un equipo muy grande de Brasil. Lo que vengo a hacer es dar lo mejor de m\u00ed para poder ganar t\u00edtulos\u201d. \u201cCuando me lleg\u00f3 la notificaci\u00f3n de que pod\u00eda llegar a Cruzeiro me alegr\u00e9 mucho.\u201d, expres\u00f3 el tricolor.<\/p>\n<p>\u201cVoy a demostrar en la cancha de lo que soy capaz. Por ahora estoy muy feliz de llegar al equipo\u201d, finaliz\u00f3 el ecuatoriano.<\/p>\n<p>Seg\u00fan C\u00e9sar Luis Merlo, periodista especializado en el Mercado de Pases Sudamericano, el equipo brasile\u00f1o pag\u00f3 alrededor de USD 7 millones por el extremo formado en Independiente del Valle<\/p>\n<p>En febrero de 2025, Arroyo estuvo en Besiktas con el n\u00famero \u201c10\u201d. Sin duda hubo varias novedades y pol\u00e9micas en redes sociales, derivando su salida del Club Europeo.<\/p>\n<p>Reportera: Ver\u00f3nica Chal\u00e9n Rosas<br \/>\nvchalenr@unemi.edu.ec<\/p>\n","protected":false},"excerpt":{"rendered":"<p>Sao Paulo. &#8211; Este martes 2 de septiembre de 2025, el ecuatoriano Keny Arroyo, fue oficialmente anunciado por Cruzeiro Esporte Club de Brasil. Seg\u00fan publicaci\u00f3n en la cuenta de la red social X del cuadro brasile\u00f1o, firm\u00f3 contrato con la &#8216;Raposa&#8217; hasta finales del a\u00f1o 2029:\u00a0\u00ab\u00a1Bienvenido! Keny Arroyo. El joven delantero ecuatoriano, que jug\u00f3 en [&hellip;]<\/p>\n","protected":false},"author":2,"featured_media":35583,"comment_status":"open","ping_status":"closed","sticky":false,"template":"","format":"standard","meta":{"_jetpack_memberships_contains_paid_content":false,"footnotes":""},"categories":[2216,7],"tags":[5651],"class_list":["post-35582","post","type-post","status-publish","format-standard","has-post-thumbnail","hentry","category-ecuatorianos-en-el-exterior-2","category-futbol-internacional","tag-keny-arroyo"],"jetpack_featured_media_url":"https:\/\/radiocresatelital.com\/wp-content\/uploads\/2025\/09\/IMG_20250830_142903-1068x836-1.webp","jetpack_sharing_enabled":true,"_links":{"self":[{"href":"https:\/\/radiocresatelital.com\/index.php?rest_route=\/wp\/v2\/posts\/35582","targetHints":{"allow":["GET"]}}],"collection":[{"href":"https:\/\/radiocresatelital.com\/index.php?rest_route=\/wp\/v2\/posts"}],"about":[{"href":"https:\/\/radiocresatelital.com\/index.php?rest_route=\/wp\/v2\/types\/post"}],"author":[{"embeddable":true,"href":"https:\/\/radiocresatelital.com\/index.php?rest_route=\/wp\/v2\/users\/2"}],"replies":[{"embeddable":true,"href":"https:\/\/radiocresatelital.com\/index.php?rest_route=%2Fwp%2Fv2%2Fcomments&post=35582"}],"version-history":[{"count":2,"href":"https:\/\/radiocresatelital.com\/index.php?rest_route=\/wp\/v2\/posts\/35582\/revisions"}],"predecessor-version":[{"id":35591,"href":"https:\/\/radiocresatelital.com\/index.php?rest_route=\/wp\/v2\/posts\/35582\/revisions\/35591"}],"wp:featuredmedia":[{"embeddable":true,"href":"https:\/\/radiocresatelital.com\/index.php?rest_route=\/wp\/v2\/media\/35583"}],"wp:attachment":[{"href":"https:\/\/radiocresatelital.com\/index.php?rest_route=%2Fwp%2Fv2%2Fmedia&parent=35582"}],"wp:term":[{"taxonomy":"category","embeddable":true,"href":"https:\/\/radiocresatelital.com\/index.php?rest_route=%2Fwp%2Fv2%2Fcategories&post=35582"},{"taxonomy":"post_tag","embeddable":true,"href":"https:\/\/radiocresatelital.com\/index.php?rest_route=%2Fwp%2Fv2%2Ftags&post=35582"}],"curies":[{"name":"wp","href":"https:\/\/api.w.org\/{rel}","templated":true}]}}