{"id":35573,"date":"2025-09-02T17:19:13","date_gmt":"2025-09-02T17:19:13","guid":{"rendered":"https:\/\/radiocresatelital.com\/?p=35573"},"modified":"2025-09-02T17:19:13","modified_gmt":"2025-09-02T17:19:13","slug":"nuevos-equipos-fortalecen-el-area-de-audiologia-del-hospital-teofilo-davila","status":"publish","type":"post","link":"https:\/\/radiocresatelital.com\/?p=35573","title":{"rendered":"Nuevos equipos fortalecen el \u00e1rea de Audiolog\u00eda del Hospital Te\u00f3filo D\u00e1vila"},"content":{"rendered":"<p>Machala.- Con una inversi\u00f3n de 30 mil d\u00f3lares, el Ministerio de Salud P\u00fablica (MSP), con apoyo del Banco Interamericano de Desarrollo (BID) y la Direcci\u00f3n Nacional de Discapacidades, Rehabilitaci\u00f3n y Cuidados Paliativos, entreg\u00f3 modernos equipos para fortalecer el servicio de Audiolog\u00eda del Hospital General Te\u00f3filo D\u00e1vila (HTD).<\/p>\n<p>El equipamiento recibido corresponde a un sistema de potenciales evocados auditivos, compuesto por electrodos, sistema de estimulaci\u00f3n sonora, software de an\u00e1lisis, protocolos de prueba y medidores de impedancia. Estos elementos permiten realizar evaluaciones objetivas y precisas de la funci\u00f3n auditiva y del sistema nervioso central.<\/p>\n<p>El gerente hospitalario, Franklin Satama, agradeci\u00f3 al Gobierno Nacional del presidente Daniel Noboa y al MSP por esta inversi\u00f3n, que contribuir\u00e1 a mejorar la atenci\u00f3n a pacientes adultos y ni\u00f1os con discapacidad auditiva.<\/p>\n<p>Por su parte, Maricela Dur\u00e1n, responsable del \u00e1rea de Fonoaudiolog\u00eda, resalt\u00f3 la importancia de actualizar los equipos de diagn\u00f3stico: \u201cHoy hemos recibido los equipos de potenciales evocados auditivos, equipos de audiometr\u00eda y en los pr\u00f3ximos d\u00edas llegar\u00e1 la cabina audiom\u00e9trica. Estos equipos nos permiten diagnosticar p\u00e9rdida auditiva en ni\u00f1os, adultos y personas de la tercera edad. La detecci\u00f3n temprana en reci\u00e9n nacidos favorece el uso oportuno de aud\u00edfonos y el adecuado desarrollo del lenguaje\u201d.<\/p>\n<p>Cada a\u00f1o, un promedio de 4.000 pacientes son atendidos en el \u00e1rea de Audiolog\u00eda del Hospital Te\u00f3filo D\u00e1vila, lo que convierte a esta inversi\u00f3n en un aporte fundamental para la salud auditiva de la poblaci\u00f3n orense.<\/p>\n","protected":false},"excerpt":{"rendered":"<p>Machala.- Con una inversi\u00f3n de 30 mil d\u00f3lares, el Ministerio de Salud P\u00fablica (MSP), con apoyo del Banco Interamericano de Desarrollo (BID) y la Direcci\u00f3n Nacional de Discapacidades, Rehabilitaci\u00f3n y Cuidados Paliativos, entreg\u00f3 modernos equipos para fortalecer el servicio de Audiolog\u00eda del Hospital General Te\u00f3filo D\u00e1vila (HTD). El equipamiento recibido corresponde a un sistema de [&hellip;]<\/p>\n","protected":false},"author":2,"featured_media":35574,"comment_status":"open","ping_status":"closed","sticky":false,"template":"","format":"standard","meta":{"_jetpack_memberships_contains_paid_content":false,"footnotes":""},"categories":[1],"tags":[269,148],"class_list":["post-35573","post","type-post","status-publish","format-standard","has-post-thumbnail","hentry","category-publicidad","tag-hospital-general-teofilo-davila","tag-ministerio-de-salud-publica"],"jetpack_featured_media_url":"https:\/\/radiocresatelital.com\/wp-content\/uploads\/2025\/09\/WhatsApp-Image-2025-09-02-at-10.36.34.jpeg","jetpack_sharing_enabled":true,"_links":{"self":[{"href":"https:\/\/radiocresatelital.com\/index.php?rest_route=\/wp\/v2\/posts\/35573","targetHints":{"allow":["GET"]}}],"collection":[{"href":"https:\/\/radiocresatelital.com\/index.php?rest_route=\/wp\/v2\/posts"}],"about":[{"href":"https:\/\/radiocresatelital.com\/index.php?rest_route=\/wp\/v2\/types\/post"}],"author":[{"embeddable":true,"href":"https:\/\/radiocresatelital.com\/index.php?rest_route=\/wp\/v2\/users\/2"}],"replies":[{"embeddable":true,"href":"https:\/\/radiocresatelital.com\/index.php?rest_route=%2Fwp%2Fv2%2Fcomments&post=35573"}],"version-history":[{"count":1,"href":"https:\/\/radiocresatelital.com\/index.php?rest_route=\/wp\/v2\/posts\/35573\/revisions"}],"predecessor-version":[{"id":35575,"href":"https:\/\/radiocresatelital.com\/index.php?rest_route=\/wp\/v2\/posts\/35573\/revisions\/35575"}],"wp:featuredmedia":[{"embeddable":true,"href":"https:\/\/radiocresatelital.com\/index.php?rest_route=\/wp\/v2\/media\/35574"}],"wp:attachment":[{"href":"https:\/\/radiocresatelital.com\/index.php?rest_route=%2Fwp%2Fv2%2Fmedia&parent=35573"}],"wp:term":[{"taxonomy":"category","embeddable":true,"href":"https:\/\/radiocresatelital.com\/index.php?rest_route=%2Fwp%2Fv2%2Fcategories&post=35573"},{"taxonomy":"post_tag","embeddable":true,"href":"https:\/\/radiocresatelital.com\/index.php?rest_route=%2Fwp%2Fv2%2Ftags&post=35573"}],"curies":[{"name":"wp","href":"https:\/\/api.w.org\/{rel}","templated":true}]}}