{"id":35477,"date":"2025-09-01T19:04:59","date_gmt":"2025-09-01T19:04:59","guid":{"rendered":"https:\/\/radiocresatelital.com\/?p=35477"},"modified":"2025-09-01T22:06:41","modified_gmt":"2025-09-01T22:06:41","slug":"salud-visual-en-ecuador-innovacion-y-colaboracion-para-transformar-realidades","status":"publish","type":"post","link":"https:\/\/radiocresatelital.com\/?p=35477","title":{"rendered":"Salud visual en Ecuador: innovaci\u00f3n y colaboraci\u00f3n para transformar realidades"},"content":{"rendered":"<p>Quito.- En Ecuador, 20 personas al d\u00eda son diagnosticadas con alg\u00fan tipo de ceguera prevenible. La inversi\u00f3n en salud visual podr\u00eda revertir las estimaciones de ceguera prevenible a nivel mundial, la cual se estima que podr\u00eda afectar a m\u00e1s de 1.100 millones de personas para 2030, de acuerdo con el Instituto WiFor. En este contexto, las futuras innovaciones y avances cient\u00edficos en diagn\u00f3stico y tratamiento se convierten en un eje fundamental para cambiar esta realidad.<\/p>\n<p><strong>\u00bfCu\u00e1l es el panorama en Ecuador?<\/strong><br \/>\n\u25cf En Ecuador, las enfermedades oftalmol\u00f3gicas, muchas vinculadas al envejecimiento, la diabetes y otras condiciones cr\u00f3nicas, afectan a miles de personas, comprometiendo no solo su calidad de vida, sino tambi\u00e9n su capacidad de trabajar, estudiar y participar plenamente en la sociedad. Seg\u00fan el Dr. Esteban Ortiz, m\u00e9dico salubrista y divulgador cient\u00edfico, m\u00e1s de 7.200 personas acudieron a consultorios por p\u00e9rdida visual asociada a diabetes, y actualmente 20 personas al d\u00eda son diagnosticadas con alg\u00fan tipo de ceguera prevenible.<\/p>\n<p>\u25cf Seg\u00fan el estudio STEPS 2018 del Ministerio de Salud P\u00fablica del Ecuador (MSP) y el an\u00e1lisis de Lucio, Ter\u00e1n y Luque (2023), m\u00e1s de 60.000 personas viven con discapacidad visual severa en Ecuador y uno de los factores m\u00e1s cr\u00edticos asociados a la p\u00e9rdida visual es la diabetes mellitus tipo 2, que afecta al 7,1% de la poblaci\u00f3n ecuatoriana. Entre ellos, el 34,6% desarrolla retinopat\u00eda diab\u00e9tica, una condici\u00f3n que puede llevar a la ceguera.<\/p>\n<p>\u25cf Seg\u00fan la Sociedad Ecuatoriana de Oftalmolog\u00eda (2023), la Degeneraci\u00f3n Macular Asociada a la Edad (DMAE) afecta al 13% de los adultos mayores de 65 a\u00f1os. De ellos, el 90% presenta la forma seca de la enfermedad, que deteriora progresivamente la visi\u00f3n central. Este tipo de patolog\u00edas degenerativas, al igual que el glaucoma o la retinopat\u00eda diab\u00e9tica, son responsables de miles de casos de ceguera que podr\u00edan haberse prevenido.<\/p>\n<p>\u25cf El edema macular diab\u00e9tico (EMD), complicaci\u00f3n frecuente de la retinopat\u00eda diab\u00e9tica, se ha convertido en una de las principales causas de ceguera en personas en edad productiva, lo que multiplica su impacto econ\u00f3mico y social en el pa\u00eds (Lucio R, Ter\u00e1n JA, Luque P. Economic burden of avoidable blindness due to diabetic macular edema in Ecuador, 2023).<\/p>\n","protected":false},"excerpt":{"rendered":"<p>Quito.- En Ecuador, 20 personas al d\u00eda son diagnosticadas con alg\u00fan tipo de ceguera prevenible. La inversi\u00f3n en salud visual podr\u00eda revertir las estimaciones de ceguera prevenible a nivel mundial, la cual se estima que podr\u00eda afectar a m\u00e1s de 1.100 millones de personas para 2030, de acuerdo con el Instituto WiFor. En este contexto, [&hellip;]<\/p>\n","protected":false},"author":2,"featured_media":0,"comment_status":"open","ping_status":"closed","sticky":false,"template":"","format":"standard","meta":{"_jetpack_memberships_contains_paid_content":false,"footnotes":""},"categories":[1],"tags":[5639],"class_list":["post-35477","post","type-post","status-publish","format-standard","hentry","category-publicidad","tag-salud-visual"],"jetpack_featured_media_url":"","jetpack_sharing_enabled":true,"_links":{"self":[{"href":"https:\/\/radiocresatelital.com\/index.php?rest_route=\/wp\/v2\/posts\/35477","targetHints":{"allow":["GET"]}}],"collection":[{"href":"https:\/\/radiocresatelital.com\/index.php?rest_route=\/wp\/v2\/posts"}],"about":[{"href":"https:\/\/radiocresatelital.com\/index.php?rest_route=\/wp\/v2\/types\/post"}],"author":[{"embeddable":true,"href":"https:\/\/radiocresatelital.com\/index.php?rest_route=\/wp\/v2\/users\/2"}],"replies":[{"embeddable":true,"href":"https:\/\/radiocresatelital.com\/index.php?rest_route=%2Fwp%2Fv2%2Fcomments&post=35477"}],"version-history":[{"count":1,"href":"https:\/\/radiocresatelital.com\/index.php?rest_route=\/wp\/v2\/posts\/35477\/revisions"}],"predecessor-version":[{"id":35480,"href":"https:\/\/radiocresatelital.com\/index.php?rest_route=\/wp\/v2\/posts\/35477\/revisions\/35480"}],"wp:attachment":[{"href":"https:\/\/radiocresatelital.com\/index.php?rest_route=%2Fwp%2Fv2%2Fmedia&parent=35477"}],"wp:term":[{"taxonomy":"category","embeddable":true,"href":"https:\/\/radiocresatelital.com\/index.php?rest_route=%2Fwp%2Fv2%2Fcategories&post=35477"},{"taxonomy":"post_tag","embeddable":true,"href":"https:\/\/radiocresatelital.com\/index.php?rest_route=%2Fwp%2Fv2%2Ftags&post=35477"}],"curies":[{"name":"wp","href":"https:\/\/api.w.org\/{rel}","templated":true}]}}