{"id":35376,"date":"2025-08-30T20:02:36","date_gmt":"2025-08-30T20:02:36","guid":{"rendered":"https:\/\/radiocresatelital.com\/?p=35376"},"modified":"2025-08-30T20:02:36","modified_gmt":"2025-08-30T20:02:36","slug":"estudiantes-fueron-premiados-por-su-talento-en-el-concurso-intercolegial-de-oratoria","status":"publish","type":"post","link":"https:\/\/radiocresatelital.com\/?p=35376","title":{"rendered":"Estudiantes fueron premiados por su talento en el Concurso Intercolegial de Oratoria"},"content":{"rendered":"<p>Guayaquil.- El talento y la pasi\u00f3n por la historia de Guayaquil brillaron en el Concurso Intercolegial de Oratoria \u201cJos\u00e9 Joaqu\u00edn de Olmedo\u201d, organizado por el Municipio en conmemoraci\u00f3n del bicentenario del poema La Victoria de Jun\u00edn, Canto a Bol\u00edvar. La premiaci\u00f3n se realiz\u00f3 en el sal\u00f3n Pedro Carbo de la Biblioteca Municipal, ante la presencia de estudiantes, docentes y rectores.<\/p>\n<p>El primer lugar fue otorgado a Johan Jafet Cruz Torres (Liceo Cristiano); el segundo puesto lo obtuvo Jonathan Jos\u00e9 Vergada Piguave (Academia Naval Almirante Illingworth); y el tercero a Rodrigo Jos\u00e9 Su\u00e1rez Bornica (Unidad Educativa Augusto Mendoza).<\/p>\n<p>\u201cMe siento inspirado y motivado para seguir los pasos del guayaquile\u00f1o m\u00e1s ilustre que esta tierra ha parido, Jos\u00e9 Joaqu\u00edn de Olmedo. Siento que es un ejemplo a seguir para todos los j\u00f3venes que podemos sacar este pa\u00eds adelante\u201d, expres\u00f3 Johan Cruz, ganador del concurso.<\/p>\n<p>Los docentes destacaron la importancia de estos espacios para formar ciudadanos con criterio. Maire Ayov\u00ed Paredez, profesora de literatura, se\u00f1al\u00f3: \u201cEsta es la forma de incentivar a nuestros chicos, no solamente para que tengan un criterio, sino tambi\u00e9n para que valoren lo que son\u201d.<\/p>\n<p>En la misma l\u00ednea, Eduardo Arauz, rector del Liceo Cristiano, felicit\u00f3 la iniciativa y plante\u00f3 su continuidad. \u201cYo quiero primeramente felicitar esta iniciativa de la Alcald\u00eda, rescatar el civismo, tan importante para la juventud (\u2026) Los j\u00f3venes no solamente son el presente, sino el futuro de la naci\u00f3n, e invertir en ello es la inversi\u00f3n con mayor rentabilidad que tiene la sociedad ecuatoriana\u201d, dijo.<\/p>\n<p>Al cierre de la ceremonia, los estudiantes y maestros visitaron el fondo bibliogr\u00e1fico patrimonial donde reposan obras de Jos\u00e9 Joaqu\u00edn de Olmedo. La Direcci\u00f3n de Patrimonio Cultural, responsable de la Biblioteca y los museos municipales, tambi\u00e9n impulsa programas como Reserva Vista, procesos de restauraci\u00f3n de colecciones y exposiciones temporales, acciones que fortalecen la identidad cultural de la ciudad.<\/p>\n","protected":false},"excerpt":{"rendered":"<p>Guayaquil.- El talento y la pasi\u00f3n por la historia de Guayaquil brillaron en el Concurso Intercolegial de Oratoria \u201cJos\u00e9 Joaqu\u00edn de Olmedo\u201d, organizado por el Municipio en conmemoraci\u00f3n del bicentenario del poema La Victoria de Jun\u00edn, Canto a Bol\u00edvar. La premiaci\u00f3n se realiz\u00f3 en el sal\u00f3n Pedro Carbo de la Biblioteca Municipal, ante la presencia [&hellip;]<\/p>\n","protected":false},"author":2,"featured_media":35377,"comment_status":"open","ping_status":"closed","sticky":false,"template":"","format":"standard","meta":{"_jetpack_memberships_contains_paid_content":false,"footnotes":""},"categories":[33,13],"tags":[5630,4731],"class_list":["post-35376","post","type-post","status-publish","format-standard","has-post-thumbnail","hentry","category-guayaquil","category-noticias-nacionales","tag-concurso-intercolegial-de-oratoria","tag-jose-joaquin-de-olmedo"],"jetpack_featured_media_url":"https:\/\/radiocresatelital.com\/wp-content\/uploads\/2025\/08\/Premiaci_n-oratoria-2-scaled.jpg","jetpack_sharing_enabled":true,"_links":{"self":[{"href":"https:\/\/radiocresatelital.com\/index.php?rest_route=\/wp\/v2\/posts\/35376","targetHints":{"allow":["GET"]}}],"collection":[{"href":"https:\/\/radiocresatelital.com\/index.php?rest_route=\/wp\/v2\/posts"}],"about":[{"href":"https:\/\/radiocresatelital.com\/index.php?rest_route=\/wp\/v2\/types\/post"}],"author":[{"embeddable":true,"href":"https:\/\/radiocresatelital.com\/index.php?rest_route=\/wp\/v2\/users\/2"}],"replies":[{"embeddable":true,"href":"https:\/\/radiocresatelital.com\/index.php?rest_route=%2Fwp%2Fv2%2Fcomments&post=35376"}],"version-history":[{"count":1,"href":"https:\/\/radiocresatelital.com\/index.php?rest_route=\/wp\/v2\/posts\/35376\/revisions"}],"predecessor-version":[{"id":35378,"href":"https:\/\/radiocresatelital.com\/index.php?rest_route=\/wp\/v2\/posts\/35376\/revisions\/35378"}],"wp:featuredmedia":[{"embeddable":true,"href":"https:\/\/radiocresatelital.com\/index.php?rest_route=\/wp\/v2\/media\/35377"}],"wp:attachment":[{"href":"https:\/\/radiocresatelital.com\/index.php?rest_route=%2Fwp%2Fv2%2Fmedia&parent=35376"}],"wp:term":[{"taxonomy":"category","embeddable":true,"href":"https:\/\/radiocresatelital.com\/index.php?rest_route=%2Fwp%2Fv2%2Fcategories&post=35376"},{"taxonomy":"post_tag","embeddable":true,"href":"https:\/\/radiocresatelital.com\/index.php?rest_route=%2Fwp%2Fv2%2Ftags&post=35376"}],"curies":[{"name":"wp","href":"https:\/\/api.w.org\/{rel}","templated":true}]}}