{"id":35372,"date":"2025-08-30T19:57:18","date_gmt":"2025-08-30T19:57:18","guid":{"rendered":"https:\/\/radiocresatelital.com\/?p=35372"},"modified":"2025-08-30T19:58:14","modified_gmt":"2025-08-30T19:58:14","slug":"barrio-centenario-festeja-105-anos-con-homenaje-y-actividades-municipales","status":"publish","type":"post","link":"https:\/\/radiocresatelital.com\/?p=35372","title":{"rendered":"Barrio Centenario festeja 105 a\u00f1os con homenaje y actividades municipales"},"content":{"rendered":"<p>Guayaquil.- El Barrio Centenario, uno de los sectores m\u00e1s emblem\u00e1ticos de Guayaquil, vivi\u00f3 una fiesta ciudadana al conmemorar 105 a\u00f1os de fundaci\u00f3n. Con m\u00fasica, emprendimientos, servicios municipales y reconocimientos a sus familias, este sector ic\u00f3nico reafirm\u00f3 su papel como s\u00edmbolo de la historia y el desarrollo de Guayaquil.<\/p>\n<p>La celebraci\u00f3n se realiz\u00f3, este s\u00e1bado 30 de agosto, con la feria \u201cGuayaquil es Activo\u201d, que convirti\u00f3 la calle El Oro en un corredor peatonal de convivencia. El alcalde Aquiles Alvarez lider\u00f3 la jornada y entreg\u00f3 certificados a 15 familias que han trabajado por el mejoramiento del barrio.<\/p>\n<p>\u201cBarrio hist\u00f3rico de Guayaquil, en el coraz\u00f3n de la historia de ciudad, recuper\u00e1ndolo poco a poco, trabajando con el Concejo barrial, con su nueva directiva hemos tenido eventos important\u00edsimos\u201d, expres\u00f3 el Burgomaestre, quien tambi\u00e9n anunci\u00f3 la pr\u00f3xima inauguraci\u00f3n de una Estaci\u00f3n de Acci\u00f3n Segura (EAS) para reforzar la seguridad y el<br \/>\ncontrol del espacio p\u00fablico.<\/p>\n<p>El Barrio Centenario, creado en 1920 en homenaje al centenario de la gesta libertaria de 1820, ha sido protagonista de la evoluci\u00f3n urbana de la ciudad y hogar de generaciones de familias trabajadoras y emprendedoras que marcaron la vida cultural y econ\u00f3mica de la urbe.<\/p>\n<p>Durante la feria, dependencias municipales como Proanimal, Emapag EP, ATM y Segura EP ofrecieron atenci\u00f3n directa a los moradores, mientras emprendedores locales mostraron la vitalidad econ\u00f3mica del sector.<\/p>\n<p>Los vecinos tambi\u00e9n hicieron sentir su voz. Juan Acosta P\u00e9rez, presidente del Consejo Barrial Centenario, record\u00f3 que este es uno de los primeros barrios residenciales de Guayaquil y destac\u00f3 el apoyo recibido: \u201cAgradecemos al Alcalde, al Municipio porque realmente hemos tenido el apoyo de todas las \u00e1reas de obras p\u00fablicas, de Vinculaci\u00f3n,<br \/>\nde Segura EP&#8230; en este momento est\u00e1n patrullando todos los d\u00edas cuatro camionetas de Segura EP hasta las 23h00 locales (04h00 GMT) de la noche\u201d, concluy\u00f3.<\/p>\n","protected":false},"excerpt":{"rendered":"<p>Guayaquil.- El Barrio Centenario, uno de los sectores m\u00e1s emblem\u00e1ticos de Guayaquil, vivi\u00f3 una fiesta ciudadana al conmemorar 105 a\u00f1os de fundaci\u00f3n. Con m\u00fasica, emprendimientos, servicios municipales y reconocimientos a sus familias, este sector ic\u00f3nico reafirm\u00f3 su papel como s\u00edmbolo de la historia y el desarrollo de Guayaquil. La celebraci\u00f3n se realiz\u00f3, este s\u00e1bado 30 [&hellip;]<\/p>\n","protected":false},"author":2,"featured_media":35373,"comment_status":"open","ping_status":"closed","sticky":false,"template":"","format":"standard","meta":{"_jetpack_memberships_contains_paid_content":false,"footnotes":""},"categories":[33,13],"tags":[5629],"class_list":["post-35372","post","type-post","status-publish","format-standard","has-post-thumbnail","hentry","category-guayaquil","category-noticias-nacionales","tag-barrio-centenario"],"jetpack_featured_media_url":"https:\/\/radiocresatelital.com\/wp-content\/uploads\/2025\/08\/1-3.jpeg","jetpack_sharing_enabled":true,"_links":{"self":[{"href":"https:\/\/radiocresatelital.com\/index.php?rest_route=\/wp\/v2\/posts\/35372","targetHints":{"allow":["GET"]}}],"collection":[{"href":"https:\/\/radiocresatelital.com\/index.php?rest_route=\/wp\/v2\/posts"}],"about":[{"href":"https:\/\/radiocresatelital.com\/index.php?rest_route=\/wp\/v2\/types\/post"}],"author":[{"embeddable":true,"href":"https:\/\/radiocresatelital.com\/index.php?rest_route=\/wp\/v2\/users\/2"}],"replies":[{"embeddable":true,"href":"https:\/\/radiocresatelital.com\/index.php?rest_route=%2Fwp%2Fv2%2Fcomments&post=35372"}],"version-history":[{"count":2,"href":"https:\/\/radiocresatelital.com\/index.php?rest_route=\/wp\/v2\/posts\/35372\/revisions"}],"predecessor-version":[{"id":35375,"href":"https:\/\/radiocresatelital.com\/index.php?rest_route=\/wp\/v2\/posts\/35372\/revisions\/35375"}],"wp:featuredmedia":[{"embeddable":true,"href":"https:\/\/radiocresatelital.com\/index.php?rest_route=\/wp\/v2\/media\/35373"}],"wp:attachment":[{"href":"https:\/\/radiocresatelital.com\/index.php?rest_route=%2Fwp%2Fv2%2Fmedia&parent=35372"}],"wp:term":[{"taxonomy":"category","embeddable":true,"href":"https:\/\/radiocresatelital.com\/index.php?rest_route=%2Fwp%2Fv2%2Fcategories&post=35372"},{"taxonomy":"post_tag","embeddable":true,"href":"https:\/\/radiocresatelital.com\/index.php?rest_route=%2Fwp%2Fv2%2Ftags&post=35372"}],"curies":[{"name":"wp","href":"https:\/\/api.w.org\/{rel}","templated":true}]}}