{"id":35355,"date":"2025-08-30T16:38:11","date_gmt":"2025-08-30T16:38:11","guid":{"rendered":"https:\/\/radiocresatelital.com\/?p=35355"},"modified":"2025-08-30T19:49:45","modified_gmt":"2025-08-30T19:49:45","slug":"congresistas-de-estados-unidos-se-reunen-con-autoridades-ecuatorianas-antes-de-la-visita-de-marco-rubio","status":"publish","type":"post","link":"https:\/\/radiocresatelital.com\/?p=35355","title":{"rendered":"Congresistas de Estados Unidos se re\u00fanen con autoridades ecuatorianas antes de la visita de Marco Rubio"},"content":{"rendered":"<p>Quito.- Una delegaci\u00f3n del Congreso de Estados Unidos lleg\u00f3 a Quito el 29 de agosto de 2025 y sostuvo un encuentro con el ministro de Defensa de Ecuador, Gian Carlo Loffredo, el viceministro Roberto Quintero y el almirante Pablo Caicedo, jefe del Comando Conjunto de las Fuerzas Armadas. La reuni\u00f3n tuvo como objetivo priorizar necesidades estrat\u00e9gicas en materia de cooperaci\u00f3n bilateral en seguridad, en un momento clave para la pol\u00edtica exterior del pa\u00eds.<\/p>\n<p><img loading=\"lazy\" decoding=\"async\" class=\"alignnone size-medium wp-image-35356\" src=\"https:\/\/radiocresatelital.com\/wp-content\/uploads\/2025\/08\/Imagen-de-WhatsApp-2025-08-30-a-las-11.34.11_70f54374-210x300.jpg\" alt=\"\" width=\"210\" height=\"300\" srcset=\"https:\/\/radiocresatelital.com\/wp-content\/uploads\/2025\/08\/Imagen-de-WhatsApp-2025-08-30-a-las-11.34.11_70f54374-210x300.jpg 210w, https:\/\/radiocresatelital.com\/wp-content\/uploads\/2025\/08\/Imagen-de-WhatsApp-2025-08-30-a-las-11.34.11_70f54374-715x1024.jpg 715w, https:\/\/radiocresatelital.com\/wp-content\/uploads\/2025\/08\/Imagen-de-WhatsApp-2025-08-30-a-las-11.34.11_70f54374.jpg 720w\" sizes=\"auto, (max-width: 210px) 100vw, 210px\" \/><\/p>\n<p>El di\u00e1logo se produce en medio del conflicto interno armado declarado por el presidente Daniel Noboa en enero de 2024, tras la escalada de violencia atribuida a grupos narcodelictivos en Ecuador. Durante la reuni\u00f3n, ambas partes ratificaron su compromiso de mantener un trabajo coordinado y establecieron la intenci\u00f3n de crear una hoja de ruta para futuros encuentros.<\/p>\n<p>Este encuentro tambi\u00e9n antecede la visita oficial del secretario de Estado estadounidense, Marco Rubio, programada para los d\u00edas 3 y 4 de septiembre en Quito. Durante su visita, Rubio se reunir\u00e1 con el presidente Daniel Noboa y abordar\u00e1 temas clave como la lucha contra el narcotr\u00e1fico, la migraci\u00f3n irregular, la cooperaci\u00f3n en seguridad y la relaci\u00f3n de Ecuador con China. La agenda de la visita busca fortalecer la cooperaci\u00f3n militar y enfrentar el crimen organizado transnacional, en un contexto de creciente presencia de carteles mexicanos y bandas como el Tren de Aragua.<\/p>\n<p>La canciller Gabriela Sommerfeld confirm\u00f3 en la red social X que el objetivo de estas reuniones es avanzar en \u201cuna agenda conjunta en pro de la seguridad y desarrollo de ambas naciones y de la regi\u00f3n\u201d, reforzando los lazos estrat\u00e9gicos entre Ecuador y Estados Unidos.<\/p>\n<p><img loading=\"lazy\" decoding=\"async\" class=\"alignnone size-medium wp-image-35357\" src=\"https:\/\/radiocresatelital.com\/wp-content\/uploads\/2025\/08\/Imagen-de-WhatsApp-2025-08-30-a-las-11.33.59_7a47a56c-300x243.jpg\" alt=\"\" width=\"300\" height=\"243\" srcset=\"https:\/\/radiocresatelital.com\/wp-content\/uploads\/2025\/08\/Imagen-de-WhatsApp-2025-08-30-a-las-11.33.59_7a47a56c-300x243.jpg 300w, https:\/\/radiocresatelital.com\/wp-content\/uploads\/2025\/08\/Imagen-de-WhatsApp-2025-08-30-a-las-11.33.59_7a47a56c.jpg 720w\" sizes=\"auto, (max-width: 300px) 100vw, 300px\" \/><\/p>\n","protected":false},"excerpt":{"rendered":"<p>Quito.- Una delegaci\u00f3n del Congreso de Estados Unidos lleg\u00f3 a Quito el 29 de agosto de 2025 y sostuvo un encuentro con el ministro de Defensa de Ecuador, Gian Carlo Loffredo, el viceministro Roberto Quintero y el almirante Pablo Caicedo, jefe del Comando Conjunto de las Fuerzas Armadas. La reuni\u00f3n tuvo como objetivo priorizar necesidades [&hellip;]<\/p>\n","protected":false},"author":3,"featured_media":35359,"comment_status":"open","ping_status":"closed","sticky":false,"template":"","format":"standard","meta":{"_jetpack_memberships_contains_paid_content":false,"footnotes":""},"categories":[13,5496],"tags":[5627],"class_list":["post-35355","post","type-post","status-publish","format-standard","has-post-thumbnail","hentry","category-noticias-nacionales","category-quito","tag-ecuador-estadosunidos-danielnoboa-marcorubio-seguridad-cooperacionbilateral-quito-defensa-crimenorganizado-politicaexterior"],"jetpack_featured_media_url":"https:\/\/radiocresatelital.com\/wp-content\/uploads\/2025\/08\/Imagen-de-WhatsApp-2025-08-30-a-las-11.30.36_918aeb94.jpg","jetpack_sharing_enabled":true,"_links":{"self":[{"href":"https:\/\/radiocresatelital.com\/index.php?rest_route=\/wp\/v2\/posts\/35355","targetHints":{"allow":["GET"]}}],"collection":[{"href":"https:\/\/radiocresatelital.com\/index.php?rest_route=\/wp\/v2\/posts"}],"about":[{"href":"https:\/\/radiocresatelital.com\/index.php?rest_route=\/wp\/v2\/types\/post"}],"author":[{"embeddable":true,"href":"https:\/\/radiocresatelital.com\/index.php?rest_route=\/wp\/v2\/users\/3"}],"replies":[{"embeddable":true,"href":"https:\/\/radiocresatelital.com\/index.php?rest_route=%2Fwp%2Fv2%2Fcomments&post=35355"}],"version-history":[{"count":2,"href":"https:\/\/radiocresatelital.com\/index.php?rest_route=\/wp\/v2\/posts\/35355\/revisions"}],"predecessor-version":[{"id":35370,"href":"https:\/\/radiocresatelital.com\/index.php?rest_route=\/wp\/v2\/posts\/35355\/revisions\/35370"}],"wp:featuredmedia":[{"embeddable":true,"href":"https:\/\/radiocresatelital.com\/index.php?rest_route=\/wp\/v2\/media\/35359"}],"wp:attachment":[{"href":"https:\/\/radiocresatelital.com\/index.php?rest_route=%2Fwp%2Fv2%2Fmedia&parent=35355"}],"wp:term":[{"taxonomy":"category","embeddable":true,"href":"https:\/\/radiocresatelital.com\/index.php?rest_route=%2Fwp%2Fv2%2Fcategories&post=35355"},{"taxonomy":"post_tag","embeddable":true,"href":"https:\/\/radiocresatelital.com\/index.php?rest_route=%2Fwp%2Fv2%2Ftags&post=35355"}],"curies":[{"name":"wp","href":"https:\/\/api.w.org\/{rel}","templated":true}]}}