{"id":35279,"date":"2025-08-29T21:21:13","date_gmt":"2025-08-29T21:21:13","guid":{"rendered":"https:\/\/radiocresatelital.com\/?p=35279"},"modified":"2025-08-29T21:21:13","modified_gmt":"2025-08-29T21:21:13","slug":"veliz-y-galarraga-avanzan-a-semifinales-del-selectivo-de-copa-davis","status":"publish","type":"post","link":"https:\/\/radiocresatelital.com\/?p=35279","title":{"rendered":"V\u00e9liz y Gal\u00e1rraga avanzan a semifinales del selectivo de Copa Davis"},"content":{"rendered":"<p>Quito.- El manabita \u00c1ngel V\u00e9liz y el pichinchano Mario Gal\u00e1rraga avanzaron a las semifinales del selectivo para definir el quinto jugador Copa Davis de Ecuador para enfrentar a Bosnia y Herzegovina por el Grupo Mundial I, el 13 y 14 de septiembre.<\/p>\n<p>\u00c1ngel V\u00e9liz venci\u00f3 a Francisco Castro (Guayas) en el primer partido que abri\u00f3 los cuartos de final del selectivo por marcador de 6-2, 4-6, 7-6(4) y ma\u00f1ana s\u00e1bado (desde las 10h00 locales (15h00 GMT), por las semifinales del selectivo, se enfrentar\u00e1 a Felipe Rivadeneira (Chimborazo).<\/p>\n<p>En el segundo partido, que se jug\u00f3 en el Club Rancho San Francisco de Quito (sede de la serie), Mario Gal\u00e1rraga derrot\u00f3 a su coterr\u00e1neo Adri\u00e1n Maldonado por un doble 6-3.<\/p>\n<p>Ma\u00f1ana, Gal\u00e1rraga medir\u00e1 fuerzas con Omar Su\u00e1rez (Guayas) por su paso a la final del selectivo en el \u00faltimo partido de la jornada.<\/p>\n","protected":false},"excerpt":{"rendered":"<p>Quito.- El manabita \u00c1ngel V\u00e9liz y el pichinchano Mario Gal\u00e1rraga avanzaron a las semifinales del selectivo para definir el quinto jugador Copa Davis de Ecuador para enfrentar a Bosnia y Herzegovina por el Grupo Mundial I, el 13 y 14 de septiembre. \u00c1ngel V\u00e9liz venci\u00f3 a Francisco Castro (Guayas) en el primer partido que abri\u00f3 [&hellip;]<\/p>\n","protected":false},"author":2,"featured_media":35280,"comment_status":"open","ping_status":"closed","sticky":false,"template":"","format":"standard","meta":{"_jetpack_memberships_contains_paid_content":false,"footnotes":""},"categories":[736,9,64],"tags":[695],"class_list":["post-35279","post","type-post","status-publish","format-standard","has-post-thumbnail","hentry","category-copa-davis","category-deportes","category-tenis","tag-copa-davis"],"jetpack_featured_media_url":"https:\/\/radiocresatelital.com\/wp-content\/uploads\/2025\/08\/WhatsApp-Image-2025-08-29-at-16.16.22.jpeg","jetpack_sharing_enabled":true,"_links":{"self":[{"href":"https:\/\/radiocresatelital.com\/index.php?rest_route=\/wp\/v2\/posts\/35279","targetHints":{"allow":["GET"]}}],"collection":[{"href":"https:\/\/radiocresatelital.com\/index.php?rest_route=\/wp\/v2\/posts"}],"about":[{"href":"https:\/\/radiocresatelital.com\/index.php?rest_route=\/wp\/v2\/types\/post"}],"author":[{"embeddable":true,"href":"https:\/\/radiocresatelital.com\/index.php?rest_route=\/wp\/v2\/users\/2"}],"replies":[{"embeddable":true,"href":"https:\/\/radiocresatelital.com\/index.php?rest_route=%2Fwp%2Fv2%2Fcomments&post=35279"}],"version-history":[{"count":1,"href":"https:\/\/radiocresatelital.com\/index.php?rest_route=\/wp\/v2\/posts\/35279\/revisions"}],"predecessor-version":[{"id":35281,"href":"https:\/\/radiocresatelital.com\/index.php?rest_route=\/wp\/v2\/posts\/35279\/revisions\/35281"}],"wp:featuredmedia":[{"embeddable":true,"href":"https:\/\/radiocresatelital.com\/index.php?rest_route=\/wp\/v2\/media\/35280"}],"wp:attachment":[{"href":"https:\/\/radiocresatelital.com\/index.php?rest_route=%2Fwp%2Fv2%2Fmedia&parent=35279"}],"wp:term":[{"taxonomy":"category","embeddable":true,"href":"https:\/\/radiocresatelital.com\/index.php?rest_route=%2Fwp%2Fv2%2Fcategories&post=35279"},{"taxonomy":"post_tag","embeddable":true,"href":"https:\/\/radiocresatelital.com\/index.php?rest_route=%2Fwp%2Fv2%2Ftags&post=35279"}],"curies":[{"name":"wp","href":"https:\/\/api.w.org\/{rel}","templated":true}]}}