{"id":35256,"date":"2025-08-29T19:12:31","date_gmt":"2025-08-29T19:12:31","guid":{"rendered":"https:\/\/radiocresatelital.com\/?p=35256"},"modified":"2025-08-29T19:39:17","modified_gmt":"2025-08-29T19:39:17","slug":"barcelona-caballito-busca-noche-de-recuperacion-en-las-semifinales-en-liga-basquetpro","status":"publish","type":"post","link":"https:\/\/radiocresatelital.com\/?p=35256","title":{"rendered":"Barcelona Caballito busca noche de recuperaci\u00f3n en las Semifinales en Liga B\u00e1squetPro"},"content":{"rendered":"<p>Guayaquil.- Sabiendo que la serie es dif\u00edcil por la categor\u00eda del rival, BSC Caballito ha trabajado buscando recuperar la condici\u00f3n de local. Los jugadores y cuerpo t\u00e9cnico han trabajado conociendo del poco tiempo de recuperaci\u00f3n que se tuvo de la serie anterior.<\/p>\n<p>El p\u00fablico puede adquirir las entradas v\u00eda ONLINE ingresando a las redes sociales de @bsccaballito donde encontrar\u00e1n el C\u00d3DIGO QR que los acredita con sus boletos en la siguiente direcci\u00f3n de la plataforma bee.com.ec https:\/\/bee.com.ec\/l\/NC3506H3KGB5D1K<\/p>\n<p>Contin\u00faa la promoci\u00f3n para los asistentes al escenario deportivo: si van con la camiseta amarilla, el boleto tiene una rebaja del 40% de su valor original, es decir: $3 d\u00f3lares.<\/p>\n<p>Habr\u00e1 mucha seguridad en el Coliseo con resguardo policial, adem\u00e1s de que, por recomendaci\u00f3n de los organizadores del torneo, se proh\u00edben vuvuzelas, trompetas, y silbatos que puedan alterar la comunicaci\u00f3n de \u00e1rbitros, jugadores y personal de mesa de control.<\/p>\n<p>Los juegos de Semifinales contin\u00faan este viernes 29 de agosto a las 20h30 locales (01h30 GMT) en el Coliseo Abel Jim\u00e9nez Parra esperando que la afici\u00f3n siga respondiendo al llamado de su equipo para hacer de la local\u00eda una fortaleza:<\/p>\n<p><strong>N\u00famero Fecha Partido Ciudad Coliseo<\/strong><br \/>\n2 29 ago\/20h30 locales (01h30 GMT) BSC Caballito vs J. Guzm\u00e1n Guayaquil Abel Jim\u00e9nez Parra<br \/>\n3 1 sep\/20h00 locales (01h00 GMT) J. Guzm\u00e1n vs BSC Caballito Loja Ciudad de Loja<br \/>\n4 si es necesario 3 sep\/20h00 locales (01h00 GMT) J. Guzm\u00e1n vs BSC Caballito Loja Ciudad de Loja<br \/>\n5 si es necesario 6 sep\/19h00 locales (00h00 GMT) BSC Caballito vs J. Guzm\u00e1n Guayaquil Abel Jim\u00e9nez Parra<\/p>\n","protected":false},"excerpt":{"rendered":"<p>Guayaquil.- Sabiendo que la serie es dif\u00edcil por la categor\u00eda del rival, BSC Caballito ha trabajado buscando recuperar la condici\u00f3n de local. Los jugadores y cuerpo t\u00e9cnico han trabajado conociendo del poco tiempo de recuperaci\u00f3n que se tuvo de la serie anterior. El p\u00fablico puede adquirir las entradas v\u00eda ONLINE ingresando a las redes sociales [&hellip;]<\/p>\n","protected":false},"author":2,"featured_media":33079,"comment_status":"open","ping_status":"closed","sticky":false,"template":"","format":"standard","meta":{"_jetpack_memberships_contains_paid_content":false,"footnotes":""},"categories":[96,9],"tags":[4653],"class_list":["post-35256","post","type-post","status-publish","format-standard","has-post-thumbnail","hentry","category-basquetball","category-deportes","tag-barcelona-caballito"],"jetpack_featured_media_url":"https:\/\/radiocresatelital.com\/wp-content\/uploads\/2025\/08\/Barcelona-Basquet.jpg","jetpack_sharing_enabled":true,"_links":{"self":[{"href":"https:\/\/radiocresatelital.com\/index.php?rest_route=\/wp\/v2\/posts\/35256","targetHints":{"allow":["GET"]}}],"collection":[{"href":"https:\/\/radiocresatelital.com\/index.php?rest_route=\/wp\/v2\/posts"}],"about":[{"href":"https:\/\/radiocresatelital.com\/index.php?rest_route=\/wp\/v2\/types\/post"}],"author":[{"embeddable":true,"href":"https:\/\/radiocresatelital.com\/index.php?rest_route=\/wp\/v2\/users\/2"}],"replies":[{"embeddable":true,"href":"https:\/\/radiocresatelital.com\/index.php?rest_route=%2Fwp%2Fv2%2Fcomments&post=35256"}],"version-history":[{"count":3,"href":"https:\/\/radiocresatelital.com\/index.php?rest_route=\/wp\/v2\/posts\/35256\/revisions"}],"predecessor-version":[{"id":35259,"href":"https:\/\/radiocresatelital.com\/index.php?rest_route=\/wp\/v2\/posts\/35256\/revisions\/35259"}],"wp:featuredmedia":[{"embeddable":true,"href":"https:\/\/radiocresatelital.com\/index.php?rest_route=\/wp\/v2\/media\/33079"}],"wp:attachment":[{"href":"https:\/\/radiocresatelital.com\/index.php?rest_route=%2Fwp%2Fv2%2Fmedia&parent=35256"}],"wp:term":[{"taxonomy":"category","embeddable":true,"href":"https:\/\/radiocresatelital.com\/index.php?rest_route=%2Fwp%2Fv2%2Fcategories&post=35256"},{"taxonomy":"post_tag","embeddable":true,"href":"https:\/\/radiocresatelital.com\/index.php?rest_route=%2Fwp%2Fv2%2Ftags&post=35256"}],"curies":[{"name":"wp","href":"https:\/\/api.w.org\/{rel}","templated":true}]}}