{"id":35173,"date":"2025-08-29T04:50:30","date_gmt":"2025-08-29T04:50:30","guid":{"rendered":"https:\/\/radiocresatelital.com\/?p=35173"},"modified":"2025-08-29T04:50:30","modified_gmt":"2025-08-29T04:50:30","slug":"fenerbahce-junto-con-jose-mourinho-en-la-mira-de-obtener-al-volante-ecuatoriano-jeremy-sarmiento","status":"publish","type":"post","link":"https:\/\/radiocresatelital.com\/?p=35173","title":{"rendered":"Fenerbahce junto con Jos\u00e9 Mourinho en la mira de obtener al volante ecuatoriano, Jeremy Sarmiento"},"content":{"rendered":"<p lang=\"ES-ES\">Estambul.- El actual t\u00e9cnico del Fenerbahce tiene en la mira a un miembro de la selecci\u00f3n de Ecuador, de igual manera ha ido sumando bueno resultados en diferentes clubes ecuatorianos en competencias internacionales. Una de las grandes figuras del combinado nacional que hace parte de la nueva generaci\u00f3n es Jeremy Sarmiento que se espera que en estos d\u00edas en los que el mercado est\u00e1 abierto, salga del Brighton.<\/p>\n<p lang=\"ES-ES\">Jeremy Sarmiento no cont\u00f3 con la mejor suerte en el Brighton y se prob\u00f3 en otros equipos de Inglaterra firmando con el\u00a0Ipswich Town,\u00a0West Bromwich y Burnley\u00a0donde tampoco tuvo cabida. Ante esto, el ecuatoriano espera definir su futuro con una salida de las \u2018Gaviotas\u2019 y su futuro estar\u00eda afuera de la Premier League.<\/p>\n<p lang=\"ES-ES\">Fenerbahce y Bologna\u00a0se han interesado en el volante ecuatoriano, pero todo parece indicar que su futuro tampoco estar\u00eda en Turqu\u00eda.\u00a0Jos\u00e9 Mourinho, quien hace unos d\u00edas se quej\u00f3 de los pocos fichajes que ha hecho el club turco y que por eso les cost\u00f3 la clasificaci\u00f3n para la\u00a0Champions League, ve con buenos ojos fichar a Jeremy Sarmiento procedente de la Premier League.<\/p>\n<p lang=\"ES-ES\">Sin embargo, seg\u00fan\u00a0Gianluca Di Marzio, el internacional futbolista de Ecuador cambiar\u00e1 de aires y no ser\u00eda dirigido por Jos\u00e9 Mourinho, puesto que se sum\u00f3 el\u00a0Cremonese\u00a0de la Serie A de Italia al fichaje de Jeremy. Por ahora no hay nada escrito en su pr\u00f3ximo paso, pero las ofertas no dejan de lloverle.<\/p>\n<p lang=\"ES-ES\">S\u00ed o s\u00ed, Jeremy Sarmiento tendr\u00e1 que buscar nuevos aires despu\u00e9s de que el Brighton le hiciera saber que no va a contar con \u00e9l para afrontar esta temporada que ya inici\u00f3 con empate y derrota para\u00a0las \u2018Gaviotas\u2019. Italia y Turqu\u00eda han puesto sus ojos en el futuro del volante.<\/p>\n<p lang=\"ES-ES\"><img decoding=\"async\" class=\"aligncenter\" src=\"https:\/\/files.antena2.com\/antena2\/public\/styles\/imagen_despliegue\/public\/2025-08\/josemourinhobuscajoyadeecuador.jpg.webp\" alt=\"Jos\u00e9 Mourinho fichar\u00eda a joya de Ecuador para Fenerbahce\" \/><\/p>\n<p lang=\"ES-ES\">La decisi\u00f3n de no tenerlo en cuenta impacta justo en la misma temporada del Mundial de 2026 en donde Jeremy espera convencer a\u00a0Sebasti\u00e1n Beccacece\u00a0para tener un lugar definitivo en la lista de mundialistas en\u00a0Estados Unidos, Canad\u00e1 y M\u00e9xico.<\/p>\n<p lang=\"ES-ES\">Fenerbahce, Bologna y ahora Cremonese pelean para poder asegurar al ecuatoriano que deber\u00e1 definir su futuro en pr\u00f3ximas horas antes del cierre del mercado de fichajes el 2 de septiembre.<\/p>\n<p lang=\"ES-ES\">Aunque la posibilidad del Cremonese acabar\u00eda con la posibilidad de que juegue en el Fenerbahce dirigido por Jos\u00e9 Mourinho, apareci\u00f3 una nueva informaci\u00f3n que sentencia que los turcos enviaron una nueva oferta para ganar la pelea contra el Bologna y el Cremonese que ya sum\u00f3 sus tres primeros untos en la Serie A superando al Milan.<\/p>\n<p lang=\"ES-ES\">De acuerdo con BolaVIP Ecuador, la oferta del Fenerbahce consta de 4 millones de d\u00f3lares sobre la mesa para firmar al volante. Jos\u00e9 Mourinho pide fichajes y Jeremy Sarmiento podr\u00eda ser el siguiente en llegar.<\/p>\n","protected":false},"excerpt":{"rendered":"<p>Estambul.- El actual t\u00e9cnico del Fenerbahce tiene en la mira a un miembro de la selecci\u00f3n de Ecuador, de igual manera ha ido sumando bueno resultados en diferentes clubes ecuatorianos en competencias internacionales. Una de las grandes figuras del combinado nacional que hace parte de la nueva generaci\u00f3n es Jeremy Sarmiento que se espera que [&hellip;]<\/p>\n","protected":false},"author":2,"featured_media":35174,"comment_status":"open","ping_status":"closed","sticky":false,"template":"","format":"standard","meta":{"_jetpack_memberships_contains_paid_content":false,"footnotes":""},"categories":[2216,7],"tags":[5599,5598,49],"class_list":["post-35173","post","type-post","status-publish","format-standard","has-post-thumbnail","hentry","category-ecuatorianos-en-el-exterior-2","category-futbol-internacional","tag-fenerbache","tag-jeremy-sarmiento","tag-jose-mourinho"],"jetpack_featured_media_url":"https:\/\/radiocresatelital.com\/wp-content\/uploads\/2025\/08\/fenerbahce-club-logo-symbol-turkey-league-football-abstract-design-illustration-with-yellow-background-free-vector.jpg","jetpack_sharing_enabled":true,"_links":{"self":[{"href":"https:\/\/radiocresatelital.com\/index.php?rest_route=\/wp\/v2\/posts\/35173","targetHints":{"allow":["GET"]}}],"collection":[{"href":"https:\/\/radiocresatelital.com\/index.php?rest_route=\/wp\/v2\/posts"}],"about":[{"href":"https:\/\/radiocresatelital.com\/index.php?rest_route=\/wp\/v2\/types\/post"}],"author":[{"embeddable":true,"href":"https:\/\/radiocresatelital.com\/index.php?rest_route=\/wp\/v2\/users\/2"}],"replies":[{"embeddable":true,"href":"https:\/\/radiocresatelital.com\/index.php?rest_route=%2Fwp%2Fv2%2Fcomments&post=35173"}],"version-history":[{"count":1,"href":"https:\/\/radiocresatelital.com\/index.php?rest_route=\/wp\/v2\/posts\/35173\/revisions"}],"predecessor-version":[{"id":35175,"href":"https:\/\/radiocresatelital.com\/index.php?rest_route=\/wp\/v2\/posts\/35173\/revisions\/35175"}],"wp:featuredmedia":[{"embeddable":true,"href":"https:\/\/radiocresatelital.com\/index.php?rest_route=\/wp\/v2\/media\/35174"}],"wp:attachment":[{"href":"https:\/\/radiocresatelital.com\/index.php?rest_route=%2Fwp%2Fv2%2Fmedia&parent=35173"}],"wp:term":[{"taxonomy":"category","embeddable":true,"href":"https:\/\/radiocresatelital.com\/index.php?rest_route=%2Fwp%2Fv2%2Fcategories&post=35173"},{"taxonomy":"post_tag","embeddable":true,"href":"https:\/\/radiocresatelital.com\/index.php?rest_route=%2Fwp%2Fv2%2Ftags&post=35173"}],"curies":[{"name":"wp","href":"https:\/\/api.w.org\/{rel}","templated":true}]}}