{"id":35007,"date":"2025-08-27T17:29:26","date_gmt":"2025-08-27T17:29:26","guid":{"rendered":"https:\/\/radiocresatelital.com\/?p=35007"},"modified":"2025-08-28T04:31:00","modified_gmt":"2025-08-28T04:31:00","slug":"ministra-de-trabajo-visita-the-magnum-ice-cream-company-y-destaca-su-aporte-al-desarrollo-del-pais","status":"publish","type":"post","link":"https:\/\/radiocresatelital.com\/?p=35007","title":{"rendered":"Ministra de Trabajo visita The Magnum Ice Cream Company y  destaca su aporte al desarrollo del pa\u00eds"},"content":{"rendered":"<p class=\"x_MsoNormal\"><span data-olk-copy-source=\"MessageBody\">Guayaquil.- The Magnum Ice Cream Company, orgullosa heredera del legado de la ic\u00f3nica marca ecuatoriana Ping\u00fcino, abri\u00f3 las puertas de su planta a la ministra de Trabajo, Ivonne N\u00fa\u00f1ez, en un recorrido que evidenci\u00f3 el compromiso de la compa\u00f1\u00eda con el desarrollo productivo, la innovaci\u00f3n y la generaci\u00f3n de empleo digno en el pa\u00eds.<\/span><\/p>\n<p class=\"x_MsoNormal\">En apenas mes y medio de operaciones como nueva compa\u00f1\u00eda, The Magnum Ice Cream Company cuenta con 300 colaboradores en Ecuador y ha demostrado su capacidad de producir con est\u00e1ndares de clase mundial, elaborando no solo marcas locales que forman parte de la memoria y el coraz\u00f3n de los ecuatorianos, como Ping\u00fcino, sino tambi\u00e9n marcas globales y premium como Cornetto y Magnum.<\/p>\n<p class=\"x_MsoNormal\">Es importante destacar que los colaboradores son expertos heladeros que cuentan con d\u00e9cadas de experiencia en la industria, con esto se hace \u00e9nfasis al apoyo al talento local y al desarrollo de sus carreras. As\u00ed mismo resaltar la participaci\u00f3n del personal femenino y su trabajo en \u00e1reas operativas que antes fueron atendidas por hombres, reconociendo de esta forma su desempe\u00f1o y gran capacidad profesional.<\/p>\n<p class=\"x_MsoNormal\">Durante la visita, la ministra constat\u00f3 la modernidad de la planta, que combina innovaci\u00f3n tecnol\u00f3gica con procesos que mantienen viva la esencia de la tradici\u00f3n heladera del pa\u00eds. Desde sus l\u00edneas de producci\u00f3n, la empresa abastece al mercado local y exporta a pa\u00edses como Colombia, Brasil y Venezuela, trabajando con talento nacional y proveedores locales, fortaleciendo as\u00ed la cadena productiva ecuatoriana y apostando por su crecimiento.<\/p>\n<p class=\"x_MsoNormal\">En esta visita se reafirma el papel de The Magnum Ice Cream Company como actor clave en el desarrollo econ\u00f3mico y social del pa\u00eds, impulsando el empleo formal y reafirmando que, para los ecuatorianos, siempre hay espacio para un helado.<\/p>\n","protected":false},"excerpt":{"rendered":"<p>Guayaquil.- The Magnum Ice Cream Company, orgullosa heredera del legado de la ic\u00f3nica marca ecuatoriana Ping\u00fcino, abri\u00f3 las puertas de su planta a la ministra de Trabajo, Ivonne N\u00fa\u00f1ez, en un recorrido que evidenci\u00f3 el compromiso de la compa\u00f1\u00eda con el desarrollo productivo, la innovaci\u00f3n y la generaci\u00f3n de empleo digno en el pa\u00eds. En [&hellip;]<\/p>\n","protected":false},"author":2,"featured_media":35008,"comment_status":"open","ping_status":"closed","sticky":false,"template":"","format":"standard","meta":{"_jetpack_memberships_contains_paid_content":false,"footnotes":""},"categories":[13],"tags":[5570],"class_list":["post-35007","post","type-post","status-publish","format-standard","has-post-thumbnail","hentry","category-noticias-nacionales","tag-the-magnum-ice-cream-company"],"jetpack_featured_media_url":"https:\/\/radiocresatelital.com\/wp-content\/uploads\/2025\/08\/Foto-1.jpeg","jetpack_sharing_enabled":true,"_links":{"self":[{"href":"https:\/\/radiocresatelital.com\/index.php?rest_route=\/wp\/v2\/posts\/35007","targetHints":{"allow":["GET"]}}],"collection":[{"href":"https:\/\/radiocresatelital.com\/index.php?rest_route=\/wp\/v2\/posts"}],"about":[{"href":"https:\/\/radiocresatelital.com\/index.php?rest_route=\/wp\/v2\/types\/post"}],"author":[{"embeddable":true,"href":"https:\/\/radiocresatelital.com\/index.php?rest_route=\/wp\/v2\/users\/2"}],"replies":[{"embeddable":true,"href":"https:\/\/radiocresatelital.com\/index.php?rest_route=%2Fwp%2Fv2%2Fcomments&post=35007"}],"version-history":[{"count":1,"href":"https:\/\/radiocresatelital.com\/index.php?rest_route=\/wp\/v2\/posts\/35007\/revisions"}],"predecessor-version":[{"id":35009,"href":"https:\/\/radiocresatelital.com\/index.php?rest_route=\/wp\/v2\/posts\/35007\/revisions\/35009"}],"wp:featuredmedia":[{"embeddable":true,"href":"https:\/\/radiocresatelital.com\/index.php?rest_route=\/wp\/v2\/media\/35008"}],"wp:attachment":[{"href":"https:\/\/radiocresatelital.com\/index.php?rest_route=%2Fwp%2Fv2%2Fmedia&parent=35007"}],"wp:term":[{"taxonomy":"category","embeddable":true,"href":"https:\/\/radiocresatelital.com\/index.php?rest_route=%2Fwp%2Fv2%2Fcategories&post=35007"},{"taxonomy":"post_tag","embeddable":true,"href":"https:\/\/radiocresatelital.com\/index.php?rest_route=%2Fwp%2Fv2%2Ftags&post=35007"}],"curies":[{"name":"wp","href":"https:\/\/api.w.org\/{rel}","templated":true}]}}