{"id":3499,"date":"2023-09-01T03:14:58","date_gmt":"2023-09-01T03:14:58","guid":{"rendered":"https:\/\/radiocresatelital.com\/?p=3499"},"modified":"2023-09-01T03:14:58","modified_gmt":"2023-09-01T03:14:58","slug":"ocho-torneos-entre-nacionales-e-internacionales-este-mes-de-septiembre","status":"publish","type":"post","link":"https:\/\/radiocresatelital.com\/?p=3499","title":{"rendered":"Ocho Torneos entre Nacionales e Internacionales este mes de Septiembre"},"content":{"rendered":"<p>Guayaquil.- Seis torneos nacionales y dos internacionales est\u00e1n programados dentro del calendario del mes de septiembre de la Federaci\u00f3n Ecuatoriana de Tenis, donde la principal competencia ser\u00e1 la serie de Copa Davis Grupo Mundial II, donde Ecuador visitar\u00e1 a M\u00f3naco el 15 y 16 de septiembre.<\/p>\n<p>Esta ser\u00e1 la primera ocasi\u00f3n que Ecuador enfrente a M\u00f3naco en Copa Davis, y en disputa estar\u00e1 el ascenso a los playoffs del Grupo Mundial I.<\/p>\n<p>Otro torneo internacional es la segunda edici\u00f3n del ITF Masters MT100 Quito (pata tenistas de 30 a\u00f1os en adelante), a jugarse del 18 al 23 de septiembre en el Club Buena Vista.<\/p>\n<p>En cuanto a las competencias nacionales est\u00e1n programadas: el III Torneo Nacional Grado 1 Quito, de las categor\u00edas 12, 14 y 16 a\u00f1os (damas y varones) del 4 al 9 de septiembre en el Club Liga Deportiva Universitaria. La IX etapa de Ecuajunior y Chiquit\u00f3n del 8 al 10 de septiembre en el Centro Nacional de la FET (Lomas de Urdesa).<\/p>\n<p>Del 14 al 17 de septiembre se desarrollar\u00e1 el VII Torneo Nacional 10 a\u00f1os en el Umi\u00f1a Tenis Club (Manta). En esa misma sede, el 16 y 17 de septiembre se organizar\u00e1 el VII Festival de Pelotas Rojas y Naranjas.<\/p>\n<p>El III Torneo Nacional Grado 2 (12, 14 y 16 a\u00f1os, damas y varones) se realizar\u00e1 del 15 al 22 de septiembre en el Salinas Golf &amp; Tenis Club. Finalmente, la Copa Centenario Interclubes est\u00e1 programada del 25 al 30 de septiembre en el Guayaquil Tenis Club<\/p>\n","protected":false},"excerpt":{"rendered":"<p>Guayaquil.- Seis torneos nacionales y dos internacionales est\u00e1n programados dentro del calendario del mes de septiembre de la Federaci\u00f3n Ecuatoriana de Tenis, donde la principal competencia ser\u00e1 la serie de Copa Davis Grupo Mundial II, donde Ecuador visitar\u00e1 a M\u00f3naco el 15 y 16 de septiembre. Esta ser\u00e1 la primera ocasi\u00f3n que Ecuador enfrente a [&hellip;]<\/p>\n","protected":false},"author":2,"featured_media":3500,"comment_status":"open","ping_status":"closed","sticky":false,"template":"","format":"standard","meta":{"_jetpack_memberships_contains_paid_content":false,"footnotes":""},"categories":[9,64],"tags":[683],"class_list":["post-3499","post","type-post","status-publish","format-standard","has-post-thumbnail","hentry","category-deportes","category-tenis","tag-federacion-ecuatoriana-de-tenis"],"jetpack_featured_media_url":"https:\/\/radiocresatelital.com\/wp-content\/uploads\/2023\/09\/be519d0a-b693-4d57-a0b6-0ea044bb2262.jpeg","jetpack_sharing_enabled":true,"_links":{"self":[{"href":"https:\/\/radiocresatelital.com\/index.php?rest_route=\/wp\/v2\/posts\/3499","targetHints":{"allow":["GET"]}}],"collection":[{"href":"https:\/\/radiocresatelital.com\/index.php?rest_route=\/wp\/v2\/posts"}],"about":[{"href":"https:\/\/radiocresatelital.com\/index.php?rest_route=\/wp\/v2\/types\/post"}],"author":[{"embeddable":true,"href":"https:\/\/radiocresatelital.com\/index.php?rest_route=\/wp\/v2\/users\/2"}],"replies":[{"embeddable":true,"href":"https:\/\/radiocresatelital.com\/index.php?rest_route=%2Fwp%2Fv2%2Fcomments&post=3499"}],"version-history":[{"count":1,"href":"https:\/\/radiocresatelital.com\/index.php?rest_route=\/wp\/v2\/posts\/3499\/revisions"}],"predecessor-version":[{"id":3501,"href":"https:\/\/radiocresatelital.com\/index.php?rest_route=\/wp\/v2\/posts\/3499\/revisions\/3501"}],"wp:featuredmedia":[{"embeddable":true,"href":"https:\/\/radiocresatelital.com\/index.php?rest_route=\/wp\/v2\/media\/3500"}],"wp:attachment":[{"href":"https:\/\/radiocresatelital.com\/index.php?rest_route=%2Fwp%2Fv2%2Fmedia&parent=3499"}],"wp:term":[{"taxonomy":"category","embeddable":true,"href":"https:\/\/radiocresatelital.com\/index.php?rest_route=%2Fwp%2Fv2%2Fcategories&post=3499"},{"taxonomy":"post_tag","embeddable":true,"href":"https:\/\/radiocresatelital.com\/index.php?rest_route=%2Fwp%2Fv2%2Ftags&post=3499"}],"curies":[{"name":"wp","href":"https:\/\/api.w.org\/{rel}","templated":true}]}}