{"id":34947,"date":"2025-08-27T18:11:35","date_gmt":"2025-08-27T18:11:35","guid":{"rendered":"https:\/\/radiocresatelital.com\/?p=34947"},"modified":"2025-08-27T21:13:03","modified_gmt":"2025-08-27T21:13:03","slug":"250-ninas-ninos-y-jovenes-fueron-atendidos-en-las-jornadas-medicas-que-impulsan-pronaca-junto-a-fundacion-metrofraternidad","status":"publish","type":"post","link":"https:\/\/radiocresatelital.com\/?p=34947","title":{"rendered":"250 ni\u00f1as, ni\u00f1os y j\u00f3venes fueron atendidos en las jornadas m\u00e9dicas que impulsan Pronaca junto a Fundaci\u00f3n Metrofraternidad"},"content":{"rendered":"<p>Quito.- Bajo la convicci\u00f3n de que el desarrollo de una comunidad comienza por el bienestar de su gente, Pronaca junto a la Fundaci\u00f3n Metrofraternidad, impuls\u00f3 jornadas m\u00e9dicas gratuitas que beneficiaron a m\u00e1s de 250 ni\u00f1as, ni\u00f1os y adolescentes de Pifo, Puembo y Yaruqu\u00ed.<\/p>\n<p>Esta iniciativa, ejecutada desde mayo a julio de este a\u00f1o, permiti\u00f3 que menores de hasta 17 a\u00f1os en situaci\u00f3n de vulnerabilidad y sin acceso a seguridad social pudieran recibir atenci\u00f3n especializada en pediatr\u00eda, oftalmolog\u00eda infantil y salud preventiva.<\/p>\n<p>Gracias a esta atenci\u00f3n, varios casos identificados podr\u00e1n acceder a cirug\u00edas, acompa\u00f1ados por el equipo m\u00e9dico y social de la Fundaci\u00f3n Metrofraternidad, esto con miras a ampliar estas atenciones en otras zonas donde la empresa tiene influencia directa.<\/p>\n<p>\u201cEsta alianza con la Fundaci\u00f3n Metrofraternidad refleja nuestro compromiso de trabajar junto a aliados estrat\u00e9gicos para dar soluciones reales a las comunidades. La salud es un derecho fundamental, y acercarla a quienes m\u00e1s lo necesitan reafirma nuestro prop\u00f3sito de alimentar bien\u201d destac\u00f3 Camila Hern\u00e1ndez, Gerente Corporativa de Sostenibilidad Pronaca.<\/p>\n<p>A trav\u00e9s de acciones, Pronaca reafirma su compromiso con el pilar de \u201cRespeto por las Comunidades\u201d como parte de su Estrategia de Sostenibilidad 2030, impulsando iniciativas que promueven la salud, la inclusi\u00f3n y el desarrollo local.<\/p>\n","protected":false},"excerpt":{"rendered":"<p>Quito.- Bajo la convicci\u00f3n de que el desarrollo de una comunidad comienza por el bienestar de su gente, Pronaca junto a la Fundaci\u00f3n Metrofraternidad, impuls\u00f3 jornadas m\u00e9dicas gratuitas que beneficiaron a m\u00e1s de 250 ni\u00f1as, ni\u00f1os y adolescentes de Pifo, Puembo y Yaruqu\u00ed. Esta iniciativa, ejecutada desde mayo a julio de este a\u00f1o, permiti\u00f3 que [&hellip;]<\/p>\n","protected":false},"author":2,"featured_media":34948,"comment_status":"open","ping_status":"closed","sticky":false,"template":"","format":"standard","meta":{"_jetpack_memberships_contains_paid_content":false,"footnotes":""},"categories":[13],"tags":[1095,3881],"class_list":["post-34947","post","type-post","status-publish","format-standard","has-post-thumbnail","hentry","category-noticias-nacionales","tag-fundacion-metrofraternidad","tag-pronaca"],"jetpack_featured_media_url":"https:\/\/radiocresatelital.com\/wp-content\/uploads\/2025\/08\/WhatsApp-Image-2025-08-27-at-12.54.25.jpeg","jetpack_sharing_enabled":true,"_links":{"self":[{"href":"https:\/\/radiocresatelital.com\/index.php?rest_route=\/wp\/v2\/posts\/34947","targetHints":{"allow":["GET"]}}],"collection":[{"href":"https:\/\/radiocresatelital.com\/index.php?rest_route=\/wp\/v2\/posts"}],"about":[{"href":"https:\/\/radiocresatelital.com\/index.php?rest_route=\/wp\/v2\/types\/post"}],"author":[{"embeddable":true,"href":"https:\/\/radiocresatelital.com\/index.php?rest_route=\/wp\/v2\/users\/2"}],"replies":[{"embeddable":true,"href":"https:\/\/radiocresatelital.com\/index.php?rest_route=%2Fwp%2Fv2%2Fcomments&post=34947"}],"version-history":[{"count":1,"href":"https:\/\/radiocresatelital.com\/index.php?rest_route=\/wp\/v2\/posts\/34947\/revisions"}],"predecessor-version":[{"id":34949,"href":"https:\/\/radiocresatelital.com\/index.php?rest_route=\/wp\/v2\/posts\/34947\/revisions\/34949"}],"wp:featuredmedia":[{"embeddable":true,"href":"https:\/\/radiocresatelital.com\/index.php?rest_route=\/wp\/v2\/media\/34948"}],"wp:attachment":[{"href":"https:\/\/radiocresatelital.com\/index.php?rest_route=%2Fwp%2Fv2%2Fmedia&parent=34947"}],"wp:term":[{"taxonomy":"category","embeddable":true,"href":"https:\/\/radiocresatelital.com\/index.php?rest_route=%2Fwp%2Fv2%2Fcategories&post=34947"},{"taxonomy":"post_tag","embeddable":true,"href":"https:\/\/radiocresatelital.com\/index.php?rest_route=%2Fwp%2Fv2%2Ftags&post=34947"}],"curies":[{"name":"wp","href":"https:\/\/api.w.org\/{rel}","templated":true}]}}