{"id":3490,"date":"2023-08-31T20:20:49","date_gmt":"2023-08-31T20:20:49","guid":{"rendered":"https:\/\/radiocresatelital.com\/?p=3490"},"modified":"2023-08-31T20:20:49","modified_gmt":"2023-08-31T20:20:49","slug":"se-realizo-sorteo-de-la-liga-de-campeones","status":"publish","type":"post","link":"https:\/\/radiocresatelital.com\/?p=3490","title":{"rendered":"Se realiz\u00f3 sorteo de la Liga de Campeones"},"content":{"rendered":"<p>Montecarlo.- El campe\u00f3n defensor, Manchester City, arrancar\u00e1 la defensa de su t\u00edtulo en el Grupo G de la \u00abChampions League\u00bb con Leipzig, Estrella Roja y Young Boys, mientras que Milan se medir\u00e1 con Par\u00eds Saint-Germain, Borussia Dortmund y Newcastle en el marco del Grupo F, el denominado \u00abde la muerte\u00bb, luego del sorteo que la UEFA desarroll\u00f3 en el Grimaldi Forum de Montecarlo.<\/p>\n<p>A su vez, Napoli, campe\u00f3n de la Serie A, competir\u00e1 en el Grupo C con el Real Madrid del DT italiano Carlo Ancelotti y el equipo con m\u00e1s t\u00edtulos de la \u00abChampions\u00bb, con Uni\u00f3n Berl\u00edn y con Sporting Braga, clasificado mediante uno de los duelos del playoff.<\/p>\n<p>Por su parte, Inter sali\u00f3 sorteado en el Grupo D con Benfica, Salzburgo y Real Sociedad, mientras que el cuarto representante italiano, Lazio, enfrentar\u00e1 en el E a Feyenoord, Atl\u00e9tico Madrid y Celtic de Glasgow.<\/p>\n<p>Milan, eliminado en semifinales de la edici\u00f3n 2022-23 por Inter, volver\u00e1 a encontrarse con el arquero Gianluigi Donnarumma, a quien vendi\u00f3 al PSG, y con el mediocampista Sandro Tonali, uno de los refuerzos de la temporada del Newcastle.<\/p>\n<p>Justamente el campe\u00f3n de la Ligue 1 invirti\u00f3 casi 250 millones de euros para reforzar su plantel tras las partidas del astro argentino Lionel Messi y del delantero brasile\u00f1o Neymar, mientras que Kylian Mbapp\u00e9 volvi\u00f3 al plantel dirigido por el DT espa\u00f1ol Luis Enrique tras la pol\u00e9mica iniciada por su rechazo a renovar su contrato que vence en junio de 2024.<\/p>\n<p>Luis Enrique sum\u00f3 al eslovaco Milan Skriniar, a Ousmane Dembel\u00e9, a Lucas Hernandez, al portugu\u00e9s Goncalo Ramos, al surcoreano Lee Kang-in, a los espa\u00f1oles Marco Asensio y Arnau Tenas, al uruguayo Manuel Ugarte y al italiano Cher Ndour.<\/p>\n<p>Otro de los que buscar\u00e1 el boleto a octavos de final en el Grupo F ser\u00e1 Borussia Dortmund, subcampe\u00f3n del Bayern M\u00fanich en la Bundesliga y reforzado con Felix Nmecha, el austr\u00edaco Marcel Sabitzer y el argelino Rami Bensebaini.<\/p>\n<p>Completa la zona Newcastle, propiedad del fondo soberano PIF de Arabia Saudita y quien retorna a la \u00abChampions\u00bb despu\u00e9s de 19 a\u00f1os con el arribo de Tonali, quien se sum\u00f3 al sueco Isak y a los brasile\u00f1os Joelinton y Bruno Guimaraes, entre otros.<\/p>\n<p>Por su parte, Napoli y Real Madrid volver\u00e1n a verse las caras como en la edici\u00f3n 1987-88 del torneo, cuando la \u00abChampions\u00bb a\u00fan se llamaba Copa de Europa, en el marco del Grupo C que completan Sporting Braga y Uni\u00f3n Berl\u00edn, que sumar\u00e1 al zaguero italiano Leonardo Bonucci, excluido del plantel de Juventus.<\/p>\n<p>Por una \u00abrevancha\u00bb ir\u00e1 Inter, que perdi\u00f3 con Manchester City en la final de la edici\u00f3n pasada del torneo y en el Grupo D competir\u00e1 con Benfica, campe\u00f3n de Portugal, con Salzburgo (Austria) y Real Sociedad (Espa\u00f1a), que vuelve al torneo despu\u00e9s de 10 a\u00f1os.<\/p>\n<p>\u00abEl a\u00f1o pasado hicimos una campa\u00f1a incre\u00edble que nos llev\u00f3 a la final de Estambul, donde estuvimos a un paso del sue\u00f1o.<\/p>\n<p>Enfrentamos a grandes equipos, combatimos en campos dif\u00edciles, pero esto s\u00f3lo confirma nuestra fuerza\u00bb, remarc\u00f3 el DT del Inter, Simone Inzaghi.<\/p>\n<p>\u00abLa Champions League es un escenario importante en el que deseamos volver a ser protagonistas. Todos los partidos ser\u00e1n dif\u00edciles como siempre en este torneo, en el que nadie te regala nada y todos los equipos est\u00e1n bien organizados\u00bb, subray\u00f3 Inzaghi.<\/p>\n<p>\u00abDaremo todo porque darle continuidad a nuestro camino. Somos Inter y queremos seguir so\u00f1ando\u00bb, concluy\u00f3 el DT del Inter, cuyo presidente, el empresario chino Steven Zhang, se limit\u00f3 a publicar \u00abfuerza muchachos\u00bb en su cuenta de Instagram.<\/p>\n<p>Por su parte, el administrador delegado del Inter, Giuseppe Marotta, manifest\u00f3 su optimismo luego del sorteo: \u00absiempre sonr\u00edo, porque Inter es un gran equipo\u00bb, declar\u00f3.<\/p>\n<p>\u00abTodo depender\u00e1 de nosotros, el destino est\u00e1 en nuestras manos, en nuestros pies y en nuestro cerebro. Creo que el sorteo fue parejo. El camino del Inter en los \u00faltimos a\u00f1os en Europa fue muy positivo\u00bb, ponder\u00f3 Marotta ante Sport Mediaset.<\/p>\n<p>\u00abHace cinco a\u00f1os est\u00e1bamos en el puesto 80 del ranking y hoy somos octavos. Escalamos muchas posiciones gracias al trabajo de todos, del club, de los entrenadores, de Simone Inzaghi que nos llev\u00f3 a la final y al equipo\u00bb, agreg\u00f3 Marotta.<\/p>\n<p>\u00abInter volvi\u00f3 a un lugar acorde con su historia y su palmar\u00e9s. Debemos mantener este valor, queremo seguir siendo competitivos porque nos lo reclaman nuestros tifosi y tambi\u00e9n lo deseamos nosotros\u00bb, concluy\u00f3 Marotta.<\/p>\n<p>El cuarto y \u00faltimo representante del \u00abCalcio\u00bb en la \u00abChampions\u00bb ser\u00e1 Lazio, escolta del Napoli en la Serie A pasada y que integrar\u00e1 el Grupo E con Atl\u00e9tico Madrid, con Celtic y con Feyenoord, campe\u00f3n de Pa\u00edses Bajos y al cual ya enfrent\u00f3 en la Europa League 2022-23.<\/p>\n<p><strong>Detalle de los grupos luego del sorteo realizado por la UEFA.<\/strong><br \/>\nGRUPO A: Bayern M\u00fanich, (Alemania), Manchester United (Inglaterra), Copenhague (Dinamarca) y Galatasaray (Turqu\u00eda).<br \/>\nGRUPO B: Sevilla (Espa\u00f1a), Arsenal (Inglaterra), PSV Eindhoven (Pa\u00edses Bajos) y Lens (Francia).<br \/>\nGRUPO C: Napoli (Italia), Real Madrid (Espa\u00f1a), Braga (Portugal) y Uni\u00f3n Berl\u00edn (Alemania).<br \/>\nGRUPO D: Benfica (Portugal), Inter (Italia), Salzburgo (Austria) y Real Sociedad (Espa\u00f1a).<br \/>\nGRUPO E: Feyenoord (Pa\u00edses Bajos), Atl\u00e9tico Madrid (Espa\u00f1a), Lazio (Italia) y Celtic de Glasgow (Escocia).<br \/>\nGRUPO F: Par\u00eds Saint-Germain (Francia), Borussia Dortmund (Alemania), Milan (Italia) y Newcastle (Inglaterra).<br \/>\nGRUPO G: Manchester City (Inglaterra), Leipzig (Alemania), Estrella Roja (Serbia) y Young Boys (Suiza).<br \/>\nGRUPO H: Barcelona (Espa\u00f1a), Porto (Portugal), Shakthar Donetsk (Ucrania) y Amberes (B\u00e9lgica).<\/p>\n","protected":false},"excerpt":{"rendered":"<p>Montecarlo.- El campe\u00f3n defensor, Manchester City, arrancar\u00e1 la defensa de su t\u00edtulo en el Grupo G de la \u00abChampions League\u00bb con Leipzig, Estrella Roja y Young Boys, mientras que Milan se medir\u00e1 con Par\u00eds Saint-Germain, Borussia Dortmund y Newcastle en el marco del Grupo F, el denominado \u00abde la muerte\u00bb, luego del sorteo que la [&hellip;]<\/p>\n","protected":false},"author":2,"featured_media":3491,"comment_status":"open","ping_status":"closed","sticky":false,"template":"","format":"standard","meta":{"_jetpack_memberships_contains_paid_content":false,"footnotes":""},"categories":[7],"tags":[673],"class_list":["post-3490","post","type-post","status-publish","format-standard","has-post-thumbnail","hentry","category-futbol-internacional","tag-liga-de-campeones"],"jetpack_featured_media_url":"https:\/\/radiocresatelital.com\/wp-content\/uploads\/2023\/08\/d67822ba-958b-4886-90c2-c0c0e6f026e2.jpg","jetpack_sharing_enabled":true,"_links":{"self":[{"href":"https:\/\/radiocresatelital.com\/index.php?rest_route=\/wp\/v2\/posts\/3490","targetHints":{"allow":["GET"]}}],"collection":[{"href":"https:\/\/radiocresatelital.com\/index.php?rest_route=\/wp\/v2\/posts"}],"about":[{"href":"https:\/\/radiocresatelital.com\/index.php?rest_route=\/wp\/v2\/types\/post"}],"author":[{"embeddable":true,"href":"https:\/\/radiocresatelital.com\/index.php?rest_route=\/wp\/v2\/users\/2"}],"replies":[{"embeddable":true,"href":"https:\/\/radiocresatelital.com\/index.php?rest_route=%2Fwp%2Fv2%2Fcomments&post=3490"}],"version-history":[{"count":1,"href":"https:\/\/radiocresatelital.com\/index.php?rest_route=\/wp\/v2\/posts\/3490\/revisions"}],"predecessor-version":[{"id":3492,"href":"https:\/\/radiocresatelital.com\/index.php?rest_route=\/wp\/v2\/posts\/3490\/revisions\/3492"}],"wp:featuredmedia":[{"embeddable":true,"href":"https:\/\/radiocresatelital.com\/index.php?rest_route=\/wp\/v2\/media\/3491"}],"wp:attachment":[{"href":"https:\/\/radiocresatelital.com\/index.php?rest_route=%2Fwp%2Fv2%2Fmedia&parent=3490"}],"wp:term":[{"taxonomy":"category","embeddable":true,"href":"https:\/\/radiocresatelital.com\/index.php?rest_route=%2Fwp%2Fv2%2Fcategories&post=3490"},{"taxonomy":"post_tag","embeddable":true,"href":"https:\/\/radiocresatelital.com\/index.php?rest_route=%2Fwp%2Fv2%2Ftags&post=3490"}],"curies":[{"name":"wp","href":"https:\/\/api.w.org\/{rel}","templated":true}]}}