{"id":34884,"date":"2025-08-27T17:02:46","date_gmt":"2025-08-27T17:02:46","guid":{"rendered":"https:\/\/radiocresatelital.com\/?p=34884"},"modified":"2025-08-27T18:07:45","modified_gmt":"2025-08-27T18:07:45","slug":"tiroteo-deja-muertos-y-heridos-en-primera-semana-de-clases-en-minneapolis","status":"publish","type":"post","link":"https:\/\/radiocresatelital.com\/?p=34884","title":{"rendered":"Tiroteo deja muertos y heridos en primera semana de clases en Minneapolis"},"content":{"rendered":"<p>Minneapolis.- Al menos tres personas murieron y 17 resultaron heridas en un tiroteo ocurrido este mi\u00e9rcoles en la Escuela Cat\u00f3lica Anunciaci\u00f3n de Minneapolis, durante la primera semana de clases. Entre los heridos, 10 ni\u00f1os se encuentran en estado cr\u00edtico, seg\u00fan informaron autoridades y hospitales locales.<\/p>\n<p>El agresor tambi\u00e9n falleci\u00f3, y las autoridades confirmaron que ya no existe ninguna \u201camenaza activa\u201d en las cercan\u00edas de la escuela. El gobernador de Minnesota, Tim Walz, calific\u00f3 el hecho de \u201chorrible\u201d y expres\u00f3 sus oraciones por los ni\u00f1os y maestros afectados.<\/p>\n<p>El Children\u2019s Minnesota, hospital pedi\u00e1trico, inform\u00f3 que cinco ni\u00f1os fueron atendidos tras el ataque, mientras que el Hennepin Healthcare tambi\u00e9n recibe a los pacientes. El presidente Donald Trump indic\u00f3 que el FBI y otros agentes federales respondieron r\u00e1pidamente y que la Casa Blanca sigue monitoreando la situaci\u00f3n.<\/p>\n<p>La escuela fue evacuada, y las familias de los estudiantes fueron llevadas a una zona de reunificaci\u00f3n. La instituci\u00f3n, inaugurada en 1923, atiende alumnos desde preescolar hasta octavo grado y hab\u00eda iniciado su a\u00f1o escolar apenas el lunes.<\/p>\n<p>Este tiroteo forma parte de una serie de incidentes violentos en Minneapolis en menos de 24 horas, incluyendo otras balaceras que dejaron varios muertos y heridos. Adem\u00e1s, en las \u00faltimas semanas se registraron llamadas falsas sobre supuestos tiroteos en varios campus universitarios de Estados Unidos, generando alertas de seguridad y confusi\u00f3n entre los estudiantes.<\/p>\n<p>Colaboraci\u00f3n: Xavier Vel\u00e1squez <\/p>\n","protected":false},"excerpt":{"rendered":"<p>Minneapolis.- Al menos tres personas murieron y 17 resultaron heridas en un tiroteo ocurrido este mi\u00e9rcoles en la Escuela Cat\u00f3lica Anunciaci\u00f3n de Minneapolis, durante la primera semana de clases. Entre los heridos, 10 ni\u00f1os se encuentran en estado cr\u00edtico, seg\u00fan informaron autoridades y hospitales locales. El agresor tambi\u00e9n falleci\u00f3, y las autoridades confirmaron que ya [&hellip;]<\/p>\n","protected":false},"author":3,"featured_media":34885,"comment_status":"open","ping_status":"closed","sticky":false,"template":"","format":"standard","meta":{"_jetpack_memberships_contains_paid_content":false,"footnotes":""},"categories":[11],"tags":[5550],"class_list":["post-34884","post","type-post","status-publish","format-standard","has-post-thumbnail","hentry","category-noticias-internacionales","tag-minneapolis-tiroteo-escuelacatolica-breakingnews-eeuu-seguridadescolar-noticias"],"jetpack_featured_media_url":"https:\/\/radiocresatelital.com\/wp-content\/uploads\/2025\/08\/asamblea1-1536x1024-1.avif","jetpack_sharing_enabled":true,"_links":{"self":[{"href":"https:\/\/radiocresatelital.com\/index.php?rest_route=\/wp\/v2\/posts\/34884","targetHints":{"allow":["GET"]}}],"collection":[{"href":"https:\/\/radiocresatelital.com\/index.php?rest_route=\/wp\/v2\/posts"}],"about":[{"href":"https:\/\/radiocresatelital.com\/index.php?rest_route=\/wp\/v2\/types\/post"}],"author":[{"embeddable":true,"href":"https:\/\/radiocresatelital.com\/index.php?rest_route=\/wp\/v2\/users\/3"}],"replies":[{"embeddable":true,"href":"https:\/\/radiocresatelital.com\/index.php?rest_route=%2Fwp%2Fv2%2Fcomments&post=34884"}],"version-history":[{"count":2,"href":"https:\/\/radiocresatelital.com\/index.php?rest_route=\/wp\/v2\/posts\/34884\/revisions"}],"predecessor-version":[{"id":34890,"href":"https:\/\/radiocresatelital.com\/index.php?rest_route=\/wp\/v2\/posts\/34884\/revisions\/34890"}],"wp:featuredmedia":[{"embeddable":true,"href":"https:\/\/radiocresatelital.com\/index.php?rest_route=\/wp\/v2\/media\/34885"}],"wp:attachment":[{"href":"https:\/\/radiocresatelital.com\/index.php?rest_route=%2Fwp%2Fv2%2Fmedia&parent=34884"}],"wp:term":[{"taxonomy":"category","embeddable":true,"href":"https:\/\/radiocresatelital.com\/index.php?rest_route=%2Fwp%2Fv2%2Fcategories&post=34884"},{"taxonomy":"post_tag","embeddable":true,"href":"https:\/\/radiocresatelital.com\/index.php?rest_route=%2Fwp%2Fv2%2Ftags&post=34884"}],"curies":[{"name":"wp","href":"https:\/\/api.w.org\/{rel}","templated":true}]}}