{"id":34877,"date":"2025-08-27T16:05:56","date_gmt":"2025-08-27T16:05:56","guid":{"rendered":"https:\/\/radiocresatelital.com\/?p=34877"},"modified":"2025-08-27T18:12:31","modified_gmt":"2025-08-27T18:12:31","slug":"seis-reos-hallados-sin-vida-en-la-penitenciaria-del-litoral","status":"publish","type":"post","link":"https:\/\/radiocresatelital.com\/?p=34877","title":{"rendered":"Seis reos hallados sin vida en la Penitenciar\u00eda del Litoral"},"content":{"rendered":"<p>Guayaquil.- Seis internos fueron encontrados sin vida en sus celdas de la Penitenciar\u00eda del Litoral el martes 26 de agosto. La alerta fue emitida por gu\u00edas penitenciarios, quienes hallaron a los reos en el piso sin signos vitales.<\/p>\n<p>El levantamiento de los cad\u00e1veres por parte de la Polic\u00eda Nacional y el carro de medicina legal tom\u00f3 aproximadamente cuatro horas, desde las 11:30 hasta las 15:30, cuando los cuerpos fueron trasladados a la morgue.<\/p>\n<p>Seg\u00fan informaci\u00f3n preliminar, los fallecidos se encontraban en los pabellones 1, 2, 4 y en el pabell\u00f3n prioritario de la c\u00e1rcel Regional Guayas. Las v\u00edctimas ten\u00edan 22, 27, 29, 35, 45 y 48 a\u00f1os, y los cuerpos no presentaban signos de violencia. Una de las v\u00edctimas hab\u00eda sido detenida en marzo de 2025 por secuestro extorsivo, seg\u00fan la Funci\u00f3n Judicial.<\/p>\n<p>Las autoridades contin\u00faan investigando las circunstancias de estas muertes para determinar las causas y garantizar la seguridad dentro del centro penitenciario.<\/p>\n<p><strong>Colaboraci\u00f3n: Xavier Vel\u00e1squez<\/strong><\/p>\n","protected":false},"excerpt":{"rendered":"<p>Guayaquil.- Seis internos fueron encontrados sin vida en sus celdas de la Penitenciar\u00eda del Litoral el martes 26 de agosto. La alerta fue emitida por gu\u00edas penitenciarios, quienes hallaron a los reos en el piso sin signos vitales. El levantamiento de los cad\u00e1veres por parte de la Polic\u00eda Nacional y el carro de medicina legal [&hellip;]<\/p>\n","protected":false},"author":3,"featured_media":34878,"comment_status":"open","ping_status":"closed","sticky":false,"template":"","format":"standard","meta":{"_jetpack_memberships_contains_paid_content":false,"footnotes":""},"categories":[13],"tags":[5548],"class_list":["post-34877","post","type-post","status-publish","format-standard","has-post-thumbnail","hentry","category-noticias-nacionales","tag-penitenciariadellitoral-guayaquil-seguridad"],"jetpack_featured_media_url":"https:\/\/radiocresatelital.com\/wp-content\/uploads\/2025\/08\/asamblea1-1536x1024-6.jpg","jetpack_sharing_enabled":true,"_links":{"self":[{"href":"https:\/\/radiocresatelital.com\/index.php?rest_route=\/wp\/v2\/posts\/34877","targetHints":{"allow":["GET"]}}],"collection":[{"href":"https:\/\/radiocresatelital.com\/index.php?rest_route=\/wp\/v2\/posts"}],"about":[{"href":"https:\/\/radiocresatelital.com\/index.php?rest_route=\/wp\/v2\/types\/post"}],"author":[{"embeddable":true,"href":"https:\/\/radiocresatelital.com\/index.php?rest_route=\/wp\/v2\/users\/3"}],"replies":[{"embeddable":true,"href":"https:\/\/radiocresatelital.com\/index.php?rest_route=%2Fwp%2Fv2%2Fcomments&post=34877"}],"version-history":[{"count":3,"href":"https:\/\/radiocresatelital.com\/index.php?rest_route=\/wp\/v2\/posts\/34877\/revisions"}],"predecessor-version":[{"id":34894,"href":"https:\/\/radiocresatelital.com\/index.php?rest_route=\/wp\/v2\/posts\/34877\/revisions\/34894"}],"wp:featuredmedia":[{"embeddable":true,"href":"https:\/\/radiocresatelital.com\/index.php?rest_route=\/wp\/v2\/media\/34878"}],"wp:attachment":[{"href":"https:\/\/radiocresatelital.com\/index.php?rest_route=%2Fwp%2Fv2%2Fmedia&parent=34877"}],"wp:term":[{"taxonomy":"category","embeddable":true,"href":"https:\/\/radiocresatelital.com\/index.php?rest_route=%2Fwp%2Fv2%2Fcategories&post=34877"},{"taxonomy":"post_tag","embeddable":true,"href":"https:\/\/radiocresatelital.com\/index.php?rest_route=%2Fwp%2Fv2%2Ftags&post=34877"}],"curies":[{"name":"wp","href":"https:\/\/api.w.org\/{rel}","templated":true}]}}