{"id":34861,"date":"2025-08-27T15:10:42","date_gmt":"2025-08-27T15:10:42","guid":{"rendered":"https:\/\/radiocresatelital.com\/?p=34861"},"modified":"2025-08-27T18:14:44","modified_gmt":"2025-08-27T18:14:44","slug":"ministro-de-salud-asegura-que-identifico-hospitales-de-ecuador-con-menor-abastecimiento","status":"publish","type":"post","link":"https:\/\/radiocresatelital.com\/?p=34861","title":{"rendered":"Ministro de Salud asegura que identific\u00f3 hospitales de Ecuador con menor abastecimiento"},"content":{"rendered":"<p>Quito.- El Ministro de Salud, Jimmy Martin, reconoci\u00f3 la crisis en hospitales p\u00fablicos de Ecuador, marcada por la falta de medicamentos e insumos, pero asegur\u00f3 que no todos los centros presentan problemas.<\/p>\n<p>En entrevista con Teleamazonas, explic\u00f3 que se han identificado los hospitales con menor abastecimiento y que se est\u00e1 actuando \u201cde manera urgente\u201d. Uno de los tres hospitales intervenidos es el Guasmo Sur, donde se reemplazaron autoridades y directivos, incluidos responsables de farmacia y \u00e1reas administrativas.<\/p>\n<p>Martin se\u00f1al\u00f3 que el Comit\u00e9 Nacional de Salud P\u00fablica mantiene reuniones semanales para dar respuesta inmediata a las necesidades. Adem\u00e1s, anunci\u00f3 que est\u00e1 en marcha la compra centralizada de medicamentos junto con el Sercop.<\/p>\n<p>El Ministerio tambi\u00e9n lidera en Quito el Primer Congreso de Salud Materno Neonatal 2025, que se desarrolla del 26 al 28 de agosto con la participaci\u00f3n de profesionales, investigadores y autoridades.<\/p>\n<div style=\"width: 640px;\" class=\"wp-video\"><video class=\"wp-video-shortcode\" id=\"video-34861-1\" width=\"640\" height=\"352\" preload=\"metadata\" controls=\"controls\"><source type=\"video\/mp4\" src=\"https:\/\/radiocresatelital.com\/wp-content\/uploads\/2025\/08\/Video-de-WhatsApp-2025-08-27-a-las-08.46.16_e9f23f53-2.mp4?_=1\" \/><a href=\"https:\/\/radiocresatelital.com\/wp-content\/uploads\/2025\/08\/Video-de-WhatsApp-2025-08-27-a-las-08.46.16_e9f23f53-2.mp4\">https:\/\/radiocresatelital.com\/wp-content\/uploads\/2025\/08\/Video-de-WhatsApp-2025-08-27-a-las-08.46.16_e9f23f53-2.mp4<\/a><\/video><\/div>\n<p>Colaboraci\u00f3n: Xavier Vel\u00e1squez<\/p>\n","protected":false},"excerpt":{"rendered":"<p>Quito.- El Ministro de Salud, Jimmy Martin, reconoci\u00f3 la crisis en hospitales p\u00fablicos de Ecuador, marcada por la falta de medicamentos e insumos, pero asegur\u00f3 que no todos los centros presentan problemas. En entrevista con Teleamazonas, explic\u00f3 que se han identificado los hospitales con menor abastecimiento y que se est\u00e1 actuando \u201cde manera urgente\u201d. Uno [&hellip;]<\/p>\n","protected":false},"author":3,"featured_media":34862,"comment_status":"open","ping_status":"closed","sticky":false,"template":"","format":"standard","meta":{"_jetpack_memberships_contains_paid_content":false,"footnotes":""},"categories":[13],"tags":[5545],"class_list":["post-34861","post","type-post","status-publish","format-standard","has-post-thumbnail","hentry","category-noticias-nacionales","tag-hospitalguasmo"],"jetpack_featured_media_url":"https:\/\/radiocresatelital.com\/wp-content\/uploads\/2025\/08\/133927841057933843-3.jpg","jetpack_sharing_enabled":true,"_links":{"self":[{"href":"https:\/\/radiocresatelital.com\/index.php?rest_route=\/wp\/v2\/posts\/34861","targetHints":{"allow":["GET"]}}],"collection":[{"href":"https:\/\/radiocresatelital.com\/index.php?rest_route=\/wp\/v2\/posts"}],"about":[{"href":"https:\/\/radiocresatelital.com\/index.php?rest_route=\/wp\/v2\/types\/post"}],"author":[{"embeddable":true,"href":"https:\/\/radiocresatelital.com\/index.php?rest_route=\/wp\/v2\/users\/3"}],"replies":[{"embeddable":true,"href":"https:\/\/radiocresatelital.com\/index.php?rest_route=%2Fwp%2Fv2%2Fcomments&post=34861"}],"version-history":[{"count":3,"href":"https:\/\/radiocresatelital.com\/index.php?rest_route=\/wp\/v2\/posts\/34861\/revisions"}],"predecessor-version":[{"id":34897,"href":"https:\/\/radiocresatelital.com\/index.php?rest_route=\/wp\/v2\/posts\/34861\/revisions\/34897"}],"wp:featuredmedia":[{"embeddable":true,"href":"https:\/\/radiocresatelital.com\/index.php?rest_route=\/wp\/v2\/media\/34862"}],"wp:attachment":[{"href":"https:\/\/radiocresatelital.com\/index.php?rest_route=%2Fwp%2Fv2%2Fmedia&parent=34861"}],"wp:term":[{"taxonomy":"category","embeddable":true,"href":"https:\/\/radiocresatelital.com\/index.php?rest_route=%2Fwp%2Fv2%2Fcategories&post=34861"},{"taxonomy":"post_tag","embeddable":true,"href":"https:\/\/radiocresatelital.com\/index.php?rest_route=%2Fwp%2Fv2%2Ftags&post=34861"}],"curies":[{"name":"wp","href":"https:\/\/api.w.org\/{rel}","templated":true}]}}