{"id":34841,"date":"2025-08-27T03:58:33","date_gmt":"2025-08-27T03:58:33","guid":{"rendered":"https:\/\/radiocresatelital.com\/?p=34841"},"modified":"2025-08-27T03:58:33","modified_gmt":"2025-08-27T03:58:33","slug":"me-dan-muchas-ganas-de-seguir-adelante-y-echarle-mas-ganas-a-la-vida-que-antes-gonzalo-alfaro","status":"publish","type":"post","link":"https:\/\/radiocresatelital.com\/?p=34841","title":{"rendered":"Me dan muchas ganas de seguir adelante y echarle m\u00e1s ganas a la vida que antes, Gonzalo Alfaro"},"content":{"rendered":"<p class=\"paragraph\" data-mrf-recirculation=\"Links inline\">Avellaneda.- El hincha del cuadro chileno, Universidad de Chile que tuvo que lanzarse al vac\u00edo de la tribuna del Estadio de Independiente de Avellaneda se ha despertado y ha contadoi su verdad, adem\u00e1s de como se encuentra su estado de salud luego de varios d\u00edas de estar muy grave.<\/p>\n<p class=\"paragraph\" data-mrf-recirculation=\"Links inline\">Mediante un mensaje de voz que comparti\u00f3 su familia a trav\u00e9s de las redes sociales, el simpatizante de 33 a\u00f1os explic\u00f3 que se encuentra \u201cevolucionando s\u00faper bien\u201d y agradeci\u00f3 las muestras de apoyo. \u201cMe dan muchas ganas de seguir adelante y echarle m\u00e1s ganas a la vida que antes\u201d, afirm\u00f3.<\/p>\n<p class=\"paragraph\" data-mrf-recirculation=\"Links inline\">El fan\u00e1tico chileno permanece internado en un hospital de\u00a0Avellaneda, en Argentina, despu\u00e9s de sufrir una ca\u00edda desde la tribuna durante el partido entre\u00a0Independiente\u00a0y\u00a0Universidad de Chile, correspondiente a la revancha de los octavos de final de la\u00a0Copa Sudamericana,\u00a0disputado el pasado 20 de agosto.\u00a0El caso cobr\u00f3 relevancia en ambos pa\u00edses, no solo por la gravedad de las lesiones del aficionado, sino tambi\u00e9n por la preocupaci\u00f3n que gener\u00f3 un nuevo episodio de violencia en el f\u00fatbol sudamericano, reviviendo el debate sobre la seguridad en los estadios y la responsabilidad de los clubes y los organismos.<\/p>\n<div class=\"inline ad-wrapper\">\n<div class=\"dfpAd ad-inline\">La noche del mi\u00e9rcoles pasado, en el estadio Libertadores de Am\u00e9rica, la tensi\u00f3n creci\u00f3 en las gradas cuando se desat\u00f3 una serie de enfrentamientos entre seguidores locales y un grupo de hinchas chilenos. En ese contexto, Gonzalo Alfaro, quien asist\u00eda al encuentro junto con un amigo y otros simpatizantes de la \u201cU\u201d, cay\u00f3 desde varios metros de altura a ra\u00edz del tumulto, sufriendo un grave traumatismo de cr\u00e1neo. Fueron minutos de m\u00e1xima preocupaci\u00f3n: el hincha fue r\u00e1pidamente asistido por los servicios de emergencia y trasladado de urgencia al\u00a0Hospital Fiorito, donde ingres\u00f3 en estado cr\u00edtico y fue sometido a una intervenci\u00f3n quir\u00fargica de alto riesgo.<\/div>\n<\/div>\n<div class=\"news-module\" data-mrf-recirculation=\"IL_RjJ8XQ94SCCdND4VX9YvyQ\" data-testid=\"text-html\" data-mrf-experience=\"IL_RjJ8XQ94SCCdND4VX9YvyQ\"><\/div>\n<p class=\"paragraph\" data-mrf-recirculation=\"Links inline\">Durante los primeros d\u00edas,\u00a0Alfaro\u00a0permaneci\u00f3 en\u00a0terapia intensiva, con asistencia respiratoria mec\u00e1nica y bajo observaci\u00f3n permanente. Los partes m\u00e9dicos indicaban riesgos neurol\u00f3gicos considerables, lo que mantuvo en vilo a su familia \u2014muchos de los cuales no estaban en Argentina\u2014 y a la comunidad de la Universidad de Chile, que comenz\u00f3 corrientes de apoyo y solidaridad en Santiago y en redes sociales. El club chileno y distintas agrupaciones de hinchas pusieron a disposici\u00f3n recursos y acompa\u00f1amiento mientras el consulado de Chile en Buenos Aires se mantuvo al tanto de la evoluci\u00f3n del caso.<\/p>\n<div class=\"inline_2_DSK ad-wrapper ad-desktop\">\n<div class=\"dfpAd ad-inline\">Con el correr de los d\u00edas, los m\u00e9dicos informaron una mejora en el cuadro cl\u00ednico del paciente. Finalmente, este martes, la\u00a0familia pudo difundir un mensaje de voz\u00a0enviado por\u00a0Alfaro, en el que confirm\u00f3 que ya sali\u00f3 de la zona cr\u00edtica, se encuentra consciente y recuper\u00e1ndose.<\/div>\n<\/div>\n<p class=\"paragraph\" data-mrf-recirculation=\"Links inline\">En el audio agradeci\u00f3 los mensajes de apoyo recibidos tanto en Chile como en Argentina:\u00a0\u201cHola gente, soy Gonzalo Alfaro, el hijo del Carolo. Quer\u00eda mandarles muchas\u00a0gracias por el apoyo, por las oraciones, por tenerme presente. A todas las personas que se han dado el tiempo de preguntar c\u00f3mo estoy.\u00a0Yo ya estoy bien, estoy evolucionando s\u00faper bien\u201d, expres\u00f3. Adem\u00e1s, manifest\u00f3 su deseo de regresar juntas a sus hijas, a sus padres y a toda su familia en Chile.\u00a0\u201cMe dan muchas ganas de seguir adelante y echarle m\u00e1s ganas a la vida que antes\u201d,\u00a0agreg\u00f3.<\/p>\n<p class=\"paragraph\" data-mrf-recirculation=\"Links inline\">La familia explic\u00f3 que aguardan nuevos estudios m\u00e9dicos para definir el alta y el posible retorno del hincha a su pa\u00eds. Mientras tanto, desde el club argentino\u00a0Independiente\u00a0tomaron medidas inmediatas ante el esc\u00e1ndalo:\u00a0identificaron y expulsaron a varios hinchas propios que participaron en los incidentes, se\u00f1alando que actuar\u00e1n con \u201ctolerancia cero\u201d ante episodios violentos que pongan en riesgo la seguridad en sus instalaciones. Las autoridades tambi\u00e9n destacaron que colaboran con la\u00a0Justicia argentina, que abri\u00f3 una investigaci\u00f3n para identificar responsabilidades tanto a nivel organizativo como individual.<\/p>\n<p class=\"paragraph\" data-mrf-recirculation=\"Links inline\">El caso de\u00a0Gonzalo Alfaro\u00a0reabri\u00f3 las discusiones sobre el control de ingresos en los partidos internacionales, la eficacia de los operativos policiales y la venta de entradas a hinchas visitantes o neutrales. Tanto desde la\u00a0Confederaci\u00f3n Sudamericana de F\u00fatbol (Conmebol)\u00a0como entre especialistas en derecho deportivo, se discute la eventual responsabilidad deportiva y disciplinaria tanto de Independiente como de Universidad de Chile, considerando que ambos clubes tienen antecedentes en el certamen y que la Sudamericana ya ha vivido otros episodios de tensi\u00f3n en los \u00faltimos a\u00f1os.<\/p>\n<p class=\"paragraph\" data-mrf-recirculation=\"Links inline\">El club chileno expres\u00f3 su solidaridad y apoyo a Alfaro y su familia, mientras que simpatizantes de ambos equipos manifestaron su repudio a la violencia a trav\u00e9s de campa\u00f1as en redes sociales y comunicados conjuntos. Reynaldo, el amigo que acompa\u00f1\u00f3 a Alfaro durante el viaje, remarc\u00f3 que ninguno de los dos pertenece a la barra \u201cLos de Abajo\u201d, aclarando que se trata de \u201chinchas comunes que viajaron por su cuenta\u201d.<\/p>\n<p class=\"paragraph\" data-mrf-recirculation=\"Links inline\">Mientras la investigaci\u00f3n sigue su curso, la familia de\u00a0Alfaro\u00a0espera noticias sobre su alta definitiva y organiza los tr\u00e1mites necesarios para el regreso a Chile tan pronto los m\u00e9dicos lo autoricen. En paralelo, se mantiene la expectativa por la decisi\u00f3n de la Conmebol acerca de posibles sanciones o medidas adicionales para ambos clubes, en un marco donde la seguridad en el f\u00fatbol sudamericano vuelve a ocupar un lugar central en la agenda p\u00fablica.<\/p>\n","protected":false},"excerpt":{"rendered":"<p>Avellaneda.- El hincha del cuadro chileno, Universidad de Chile que tuvo que lanzarse al vac\u00edo de la tribuna del Estadio de Independiente de Avellaneda se ha despertado y ha contadoi su verdad, adem\u00e1s de como se encuentra su estado de salud luego de varios d\u00edas de estar muy grave. Mediante un mensaje de voz que [&hellip;]<\/p>\n","protected":false},"author":2,"featured_media":34842,"comment_status":"open","ping_status":"closed","sticky":false,"template":"","format":"standard","meta":{"_jetpack_memberships_contains_paid_content":false,"footnotes":""},"categories":[7],"tags":[5542],"class_list":["post-34841","post","type-post","status-publish","format-standard","has-post-thumbnail","hentry","category-futbol-internacional","tag-gonzalo-alfaro"],"jetpack_featured_media_url":"https:\/\/radiocresatelital.com\/wp-content\/uploads\/2025\/08\/Fd8FB16Aa_1256x620__2.jpg","jetpack_sharing_enabled":true,"_links":{"self":[{"href":"https:\/\/radiocresatelital.com\/index.php?rest_route=\/wp\/v2\/posts\/34841","targetHints":{"allow":["GET"]}}],"collection":[{"href":"https:\/\/radiocresatelital.com\/index.php?rest_route=\/wp\/v2\/posts"}],"about":[{"href":"https:\/\/radiocresatelital.com\/index.php?rest_route=\/wp\/v2\/types\/post"}],"author":[{"embeddable":true,"href":"https:\/\/radiocresatelital.com\/index.php?rest_route=\/wp\/v2\/users\/2"}],"replies":[{"embeddable":true,"href":"https:\/\/radiocresatelital.com\/index.php?rest_route=%2Fwp%2Fv2%2Fcomments&post=34841"}],"version-history":[{"count":1,"href":"https:\/\/radiocresatelital.com\/index.php?rest_route=\/wp\/v2\/posts\/34841\/revisions"}],"predecessor-version":[{"id":34843,"href":"https:\/\/radiocresatelital.com\/index.php?rest_route=\/wp\/v2\/posts\/34841\/revisions\/34843"}],"wp:featuredmedia":[{"embeddable":true,"href":"https:\/\/radiocresatelital.com\/index.php?rest_route=\/wp\/v2\/media\/34842"}],"wp:attachment":[{"href":"https:\/\/radiocresatelital.com\/index.php?rest_route=%2Fwp%2Fv2%2Fmedia&parent=34841"}],"wp:term":[{"taxonomy":"category","embeddable":true,"href":"https:\/\/radiocresatelital.com\/index.php?rest_route=%2Fwp%2Fv2%2Fcategories&post=34841"},{"taxonomy":"post_tag","embeddable":true,"href":"https:\/\/radiocresatelital.com\/index.php?rest_route=%2Fwp%2Fv2%2Ftags&post=34841"}],"curies":[{"name":"wp","href":"https:\/\/api.w.org\/{rel}","templated":true}]}}