{"id":34823,"date":"2025-08-26T17:41:54","date_gmt":"2025-08-26T17:41:54","guid":{"rendered":"https:\/\/radiocresatelital.com\/?p=34823"},"modified":"2025-08-27T02:43:09","modified_gmt":"2025-08-27T02:43:09","slug":"encuentro-de-vph-ecuador-2025-un-llamado-a-la-accion-para-la-eliminacion-del-cancer-cervicouterino-en-el-pais","status":"publish","type":"post","link":"https:\/\/radiocresatelital.com\/?p=34823","title":{"rendered":"Encuentro de VPH Ecuador 2025: Un llamado a la acci\u00f3n para la eliminaci\u00f3n del c\u00e1ncer cervicouterino en el pa\u00eds"},"content":{"rendered":"<p>Quito. \u2013 Bajo el lema \u201cInclusi\u00f3n y Cooperaci\u00f3n como base del llamado a la Acci\u00f3n\u201d, el pasado 07 de agosto se celebr\u00f3 en la Universidad de las Am\u00e9ricas el Encuentro de VPH Ecuador 2025, una cita que reuni\u00f3 a representantes del sector salud, autoridades de gobierno y organismos internacionales, instituciones acad\u00e9micas y organizaciones de la sociedad civil, con el objetivo com\u00fan de fortalecer la prevenci\u00f3n y eliminaci\u00f3n del c\u00e1ncer cervicouterino en Ecuador. El evento, organizado por MSD Ecuador abri\u00f3 sus puertas con mensajes de bienvenida que resaltaron la importancia de la colaboraci\u00f3n multisectorial para afrontar los retos que plantea el Virus del Papiloma Humano (VPH), segunda causa de muerte por c\u00e1ncer en mujeres en el pa\u00eds1.<\/p>\n<p>Durante la jornada se abordaron tem\u00e1ticas prioritarias para la respuesta nacional, tales como los avances y estrategias efectivas en la lucha contra el VPH y la eliminaci\u00f3n del c\u00e1ncer cervicouterino en la regi\u00f3n, as\u00ed como los progresos y desaf\u00edos espec\u00edficos de Ecuador frente a este problema de salud p\u00fablica.<\/p>\n<p>Las charlas magistrales y paneles tem\u00e1ticos permitieron un an\u00e1lisis profundo sobre la implementaci\u00f3n y perspectivas de la legislaci\u00f3n y normativas para la prevenci\u00f3n del c\u00e1ncer cervicouterino, el valor de generar datos y herramientas para la construcci\u00f3n de pol\u00edticas p\u00fablicas basadas en evidencia y la importancia de la cooperaci\u00f3n e inclusi\u00f3n como pr\u00e1cticas esenciales para la sostenibilidad, equidad y<\/p>\n<p>transformaci\u00f3n de la salud en el pa\u00eds. En estos espacios participaron representantes de Organismos Internacionales, la Asamblea Nacional, el Ministerio de Salud P\u00fablica, fundaciones de lucha contra el c\u00e1ncer, miembros de la Comisi\u00f3n Asesora de Pr\u00e1cticas de Inmunizaciones de Ecuador (CAPI), centros de investigaci\u00f3n universitarios y organizaciones de pacientes y de la sociedad civil que trabajan por los derechos sexuales y reproductivos.<\/p>\n<p>El Encuentro de VPH Ecuador 2025 reafirm\u00f3 el compromiso colectivo de avanzar hacia la eliminaci\u00f3n del c\u00e1ncer cervicouterino, poniendo en primer plano la necesidad de contar con marcos legales s\u00f3lidos, pol\u00edticas p\u00fablicas fundamentadas en evidencia, datos confiables y la cooperaci\u00f3n, inclusi\u00f3n y participaci\u00f3n activa de todos los actores que forman parte del sistema de salud del pa\u00eds. MSD Ecuador, como anfitri\u00f3n del evento, destaca la importancia de estos espacios de di\u00e1logo y reflexi\u00f3n colectiva, reiterando su compromiso con la prevenci\u00f3n del VPH, la eliminaci\u00f3n del c\u00e1ncer cervicouterino y la salud p\u00fablica.<\/p>\n","protected":false},"excerpt":{"rendered":"<p>Quito. \u2013 Bajo el lema \u201cInclusi\u00f3n y Cooperaci\u00f3n como base del llamado a la Acci\u00f3n\u201d, el pasado 07 de agosto se celebr\u00f3 en la Universidad de las Am\u00e9ricas el Encuentro de VPH Ecuador 2025, una cita que reuni\u00f3 a representantes del sector salud, autoridades de gobierno y organismos internacionales, instituciones acad\u00e9micas y organizaciones de la [&hellip;]<\/p>\n","protected":false},"author":2,"featured_media":34825,"comment_status":"open","ping_status":"closed","sticky":false,"template":"","format":"standard","meta":{"_jetpack_memberships_contains_paid_content":false,"footnotes":""},"categories":[13],"tags":[5539,376],"class_list":["post-34823","post","type-post","status-publish","format-standard","has-post-thumbnail","hentry","category-noticias-nacionales","tag-inclusion-y-cooperacion-como-base-del-llamado-a-la-accion","tag-universidad-de-las-americas"],"jetpack_featured_media_url":"https:\/\/radiocresatelital.com\/wp-content\/uploads\/2025\/08\/1754778904228.jpeg","jetpack_sharing_enabled":true,"_links":{"self":[{"href":"https:\/\/radiocresatelital.com\/index.php?rest_route=\/wp\/v2\/posts\/34823","targetHints":{"allow":["GET"]}}],"collection":[{"href":"https:\/\/radiocresatelital.com\/index.php?rest_route=\/wp\/v2\/posts"}],"about":[{"href":"https:\/\/radiocresatelital.com\/index.php?rest_route=\/wp\/v2\/types\/post"}],"author":[{"embeddable":true,"href":"https:\/\/radiocresatelital.com\/index.php?rest_route=\/wp\/v2\/users\/2"}],"replies":[{"embeddable":true,"href":"https:\/\/radiocresatelital.com\/index.php?rest_route=%2Fwp%2Fv2%2Fcomments&post=34823"}],"version-history":[{"count":1,"href":"https:\/\/radiocresatelital.com\/index.php?rest_route=\/wp\/v2\/posts\/34823\/revisions"}],"predecessor-version":[{"id":34826,"href":"https:\/\/radiocresatelital.com\/index.php?rest_route=\/wp\/v2\/posts\/34823\/revisions\/34826"}],"wp:featuredmedia":[{"embeddable":true,"href":"https:\/\/radiocresatelital.com\/index.php?rest_route=\/wp\/v2\/media\/34825"}],"wp:attachment":[{"href":"https:\/\/radiocresatelital.com\/index.php?rest_route=%2Fwp%2Fv2%2Fmedia&parent=34823"}],"wp:term":[{"taxonomy":"category","embeddable":true,"href":"https:\/\/radiocresatelital.com\/index.php?rest_route=%2Fwp%2Fv2%2Fcategories&post=34823"},{"taxonomy":"post_tag","embeddable":true,"href":"https:\/\/radiocresatelital.com\/index.php?rest_route=%2Fwp%2Fv2%2Ftags&post=34823"}],"curies":[{"name":"wp","href":"https:\/\/api.w.org\/{rel}","templated":true}]}}