{"id":34815,"date":"2025-08-27T01:09:43","date_gmt":"2025-08-27T01:09:43","guid":{"rendered":"https:\/\/radiocresatelital.com\/?p=34815"},"modified":"2025-08-27T01:09:43","modified_gmt":"2025-08-27T01:09:43","slug":"formalizar-tu-negocio-barrial-en-guayaquil-ahora-es-mas-rapido-y-sencillo","status":"publish","type":"post","link":"https:\/\/radiocresatelital.com\/?p=34815","title":{"rendered":"Formalizar tu negocio barrial en Guayaquil ahora es m\u00e1s r\u00e1pido y sencillo"},"content":{"rendered":"<p>Guayaquil.- Tras la ampliaci\u00f3n del plazo para la regularizaci\u00f3n de edificaciones y actividades comerciales barriales en Guayaquil, la Alcald\u00eda de la ciudad ha recibido entre el 1 de julio y el 22 de agosto, un total de 4.379 nuevas solicitudes.<\/p>\n<p>Este nuevo periodo, que inici\u00f3 a inicios de julio pasado y concluir\u00e1 el 30 de junio de 2026, logra una mayor efectividad en la revisi\u00f3n de cada solicitud, ya que se resuelven en hasta 30 d\u00edas en promedio, y ya no en hasta un a\u00f1o como ocurr\u00eda en periodos anteriores.<\/p>\n<p>Esta reducci\u00f3n en los tiempos de espera obedece a una exhaustiva gesti\u00f3n que ha incluido capacitaciones a la ciudadan\u00eda, agilidad en la revisi\u00f3n de casos, adem\u00e1s del incremento de personal calificado para atender los procesos.<\/p>\n<p>La extensi\u00f3n del plazo se logr\u00f3 gracias a una quinta reforma que simplifica los procesos para la regularizaci\u00f3n de edificaciones y locales comerciales de car\u00e1cter barrial.<\/p>\n<p><img decoding=\"async\" class=\"aligncenter\" src=\"https:\/\/guayaquil.gob.ec\/wp-content\/uploads\/2025\/08\/formalizar-negocio-barrial-guayaquil-rapido-sencillo3.jpg\" alt=\"Formalizar tu negocio barrial en Guayaquil ahora es m\u00e1s r\u00e1pido y sencillo \u2013  Alcald\u00eda de Guayaquil\" \/><br \/>\nLa normativa incorpora a las edificaciones residenciales o residenciales-comerciales construidas hasta el 3 de agosto de 2022, reconociendo el desarrollo urbano surgido tras la pandemia. Podr\u00e1n acogerse a la presente ordenanza siempre que dichas edificaciones con comercios cuenten con hasta 3 pisos y hasta 400 m2 de construcci\u00f3n.<\/p>\n<p>Entre otras actividades barriales, se permite la regularizaci\u00f3n de tiendas de abarrotes, peluquer\u00edas, papeler\u00edas, cyber, panader\u00edas, farmacias, cafeter\u00edas, fuentes de soda, helader\u00edas, pa\u00f1aleras, zapater\u00edas, boutiques, talleres de sastrer\u00eda, ferreter\u00edas, \u00f3pticas, perfumer\u00edas, florer\u00edas, lavander\u00edas y afines.<\/p>\n<p>En tanto, se podr\u00e1n regularizar los establecimientos que no cumplan con frente y \u00e1rea m\u00ednima siempre que vengan ejerciendo actividades desde el a\u00f1o 2020.<\/p>\n","protected":false},"excerpt":{"rendered":"<p>Guayaquil.- Tras la ampliaci\u00f3n del plazo para la regularizaci\u00f3n de edificaciones y actividades comerciales barriales en Guayaquil, la Alcald\u00eda de la ciudad ha recibido entre el 1 de julio y el 22 de agosto, un total de 4.379 nuevas solicitudes. Este nuevo periodo, que inici\u00f3 a inicios de julio pasado y concluir\u00e1 el 30 de [&hellip;]<\/p>\n","protected":false},"author":2,"featured_media":34816,"comment_status":"open","ping_status":"closed","sticky":false,"template":"","format":"standard","meta":{"_jetpack_memberships_contains_paid_content":false,"footnotes":""},"categories":[33,13],"tags":[293],"class_list":["post-34815","post","type-post","status-publish","format-standard","has-post-thumbnail","hentry","category-guayaquil","category-noticias-nacionales","tag-alcaldia-de-guayaquil"],"jetpack_featured_media_url":"https:\/\/radiocresatelital.com\/wp-content\/uploads\/2025\/08\/formalizar-negocio-barrial-guayaquil-rapido-sencillo1-768x575-1.jpg","jetpack_sharing_enabled":true,"_links":{"self":[{"href":"https:\/\/radiocresatelital.com\/index.php?rest_route=\/wp\/v2\/posts\/34815","targetHints":{"allow":["GET"]}}],"collection":[{"href":"https:\/\/radiocresatelital.com\/index.php?rest_route=\/wp\/v2\/posts"}],"about":[{"href":"https:\/\/radiocresatelital.com\/index.php?rest_route=\/wp\/v2\/types\/post"}],"author":[{"embeddable":true,"href":"https:\/\/radiocresatelital.com\/index.php?rest_route=\/wp\/v2\/users\/2"}],"replies":[{"embeddable":true,"href":"https:\/\/radiocresatelital.com\/index.php?rest_route=%2Fwp%2Fv2%2Fcomments&post=34815"}],"version-history":[{"count":1,"href":"https:\/\/radiocresatelital.com\/index.php?rest_route=\/wp\/v2\/posts\/34815\/revisions"}],"predecessor-version":[{"id":34817,"href":"https:\/\/radiocresatelital.com\/index.php?rest_route=\/wp\/v2\/posts\/34815\/revisions\/34817"}],"wp:featuredmedia":[{"embeddable":true,"href":"https:\/\/radiocresatelital.com\/index.php?rest_route=\/wp\/v2\/media\/34816"}],"wp:attachment":[{"href":"https:\/\/radiocresatelital.com\/index.php?rest_route=%2Fwp%2Fv2%2Fmedia&parent=34815"}],"wp:term":[{"taxonomy":"category","embeddable":true,"href":"https:\/\/radiocresatelital.com\/index.php?rest_route=%2Fwp%2Fv2%2Fcategories&post=34815"},{"taxonomy":"post_tag","embeddable":true,"href":"https:\/\/radiocresatelital.com\/index.php?rest_route=%2Fwp%2Fv2%2Ftags&post=34815"}],"curies":[{"name":"wp","href":"https:\/\/api.w.org\/{rel}","templated":true}]}}