{"id":34792,"date":"2025-08-26T21:04:51","date_gmt":"2025-08-26T21:04:51","guid":{"rendered":"https:\/\/radiocresatelital.com\/?p=34792"},"modified":"2025-08-26T21:04:51","modified_gmt":"2025-08-26T21:04:51","slug":"se-instalan-controles-biometricos-en-aeropuerto-de-estados-unidos-de-cara-al-mundial-2026","status":"publish","type":"post","link":"https:\/\/radiocresatelital.com\/?p=34792","title":{"rendered":"Se instalan Controles biom\u00e9tricos en Aeropuerto de Estados Unidos de cara al Mundial 2026"},"content":{"rendered":"<p>Miami .- En el aeropuerto internacional de Atlanta, que es el m\u00e1s pasajeros transitan por Estados Unidos, han instalado controles biom\u00e9tricos autom\u00e1ticos que servir\u00e1n para agilizar el tr\u00e1nsito de pasajeros con miras al Mundial de f\u00fatbol de 2026, que este pa\u00eds acoger\u00e1 junto a M\u00e9xico y Canad\u00e1 entre junio y julio.<\/p>\n<p>Tambi\u00e9n est\u00e1 previsto que este tipo de puertas electr\u00f3nicas biom\u00e9tricas, que permiten a los viajeros verificar su pasaporte e identidad sin la necesidad de un funcionario, sean instaladas pr\u00f3ximamente en el Aeropuerto Ronald Reagan de Washington D.C. y en la terminal internacional de Seattle-Tacoma, inform\u00f3 la empresa Clears, a cargo de su desarrollo, en un comunicado.<\/p>\n<p>\u00abCLEAR planea expandir la implementaci\u00f3n de las puertas electr\u00f3nicas en su red nacional de aeropuertos como preparaci\u00f3n para la Copa del Mundo, la celebraci\u00f3n del 250\u00b0 aniversario de Estados Unidos y el continuo crecimiento de los viajes a\u00e9reos nacionales\u00bb, agreg\u00f3.<\/p>\n<p>Esta innovaci\u00f3n estar\u00e1 a disposici\u00f3n de los\u00a0millones de viajeros\u00a0que tomen como punto de partida de sus desplazamientos alguno de estos tres aeropuertos.<\/p>\n<p><img decoding=\"async\" src=\"https:\/\/i0.wp.com\/efe.com\/wp-content\/uploads\/2025\/08\/Mundial-2026-aeropuertos-1.webp?fit=900%2C600&amp;ssl=1\" alt=\"EE.UU. instala controles biom\u00e9tricos en sus aeropuertos para m\u00e1s rapidez antes del Mundial 2026\" \/><\/p>\n<p id=\"h-los-aeropuertos-de-ee-uu-se-preparan-para-el-mundial-2026-y-otras-citas\" class=\"wp-block-heading\"><strong>Los aeropuertos de EE.UU. se preparan para el Mundial 2026 y otras citas<\/strong><\/p>\n<p>Adem\u00e1s del Mundial, Estados Unidos tambi\u00e9n espera un aumento del n\u00famero de visitantes el pr\u00f3ximo a\u00f1o por las celebraciones del 250 aniversario de su independencia.<\/p>\n<p>Seg\u00fan el Gobierno estadounidense, 40 millones de turistas podr\u00edan desplazarse a Estados Unidos con motivo de estas dos celebraciones, adem\u00e1s de la Ryder Cup 2025, los Juegos Ol\u00edmpicos de Los \u00c1ngeles 2028 y los Juegos Paral\u00edmpicos.<\/p>\n<p>La\u00a0organizaci\u00f3n del Mundial en Estados Unidos\u00a0se produce en un momento de tensi\u00f3n por la estricta pol\u00edtica migratoria del Gobierno del presidente estadounidense, Donald Trump. \u00c9l mismo asegur\u00f3 recientemente que algunos pa\u00edses lo tendr\u00edan \u00abun poco m\u00e1s dif\u00edcil\u00bb para viajar a Estados Unidos con motivo del evento de f\u00fatbol.<\/p>\n<p>Adem\u00e1s, la secretaria de Seguridad Nacional, Kristi Noem, afirm\u00f3 que examinar\u00e1n \u00aba fondo\u00bb la documentaci\u00f3n de todos los visitantes que acudan al Mundial.<\/p>\n<p>Esto tambi\u00e9n afect\u00f3 durante el Mundial de Clubes de la FIFA, que se disput\u00f3 este a\u00f1o en Estados Unidos, a algunos jugadores.<\/p>\n<p>Las autoridades estadounidenses rechazaron hasta en dos ocasiones el visado del zaguero argentino de Boca Juniors Ayrton Costa, quien se hab\u00eda visto sumido en los \u00faltimos a\u00f1os en distintas causas judiciales, aunque finalmente lo acab\u00f3 obteniendo a tiempo.<\/p>\n","protected":false},"excerpt":{"rendered":"<p>Miami .- En el aeropuerto internacional de Atlanta, que es el m\u00e1s pasajeros transitan por Estados Unidos, han instalado controles biom\u00e9tricos autom\u00e1ticos que servir\u00e1n para agilizar el tr\u00e1nsito de pasajeros con miras al Mundial de f\u00fatbol de 2026, que este pa\u00eds acoger\u00e1 junto a M\u00e9xico y Canad\u00e1 entre junio y julio. Tambi\u00e9n est\u00e1 previsto que [&hellip;]<\/p>\n","protected":false},"author":2,"featured_media":34793,"comment_status":"open","ping_status":"closed","sticky":false,"template":"","format":"standard","meta":{"_jetpack_memberships_contains_paid_content":false,"footnotes":""},"categories":[7,955],"tags":[3397],"class_list":["post-34792","post","type-post","status-publish","format-standard","has-post-thumbnail","hentry","category-futbol-internacional","category-mundial-de-futbol","tag-mundial-2026"],"jetpack_featured_media_url":"https:\/\/radiocresatelital.com\/wp-content\/uploads\/2025\/08\/Mundial-2026-aeropuertos-2.webp","jetpack_sharing_enabled":true,"_links":{"self":[{"href":"https:\/\/radiocresatelital.com\/index.php?rest_route=\/wp\/v2\/posts\/34792","targetHints":{"allow":["GET"]}}],"collection":[{"href":"https:\/\/radiocresatelital.com\/index.php?rest_route=\/wp\/v2\/posts"}],"about":[{"href":"https:\/\/radiocresatelital.com\/index.php?rest_route=\/wp\/v2\/types\/post"}],"author":[{"embeddable":true,"href":"https:\/\/radiocresatelital.com\/index.php?rest_route=\/wp\/v2\/users\/2"}],"replies":[{"embeddable":true,"href":"https:\/\/radiocresatelital.com\/index.php?rest_route=%2Fwp%2Fv2%2Fcomments&post=34792"}],"version-history":[{"count":1,"href":"https:\/\/radiocresatelital.com\/index.php?rest_route=\/wp\/v2\/posts\/34792\/revisions"}],"predecessor-version":[{"id":34794,"href":"https:\/\/radiocresatelital.com\/index.php?rest_route=\/wp\/v2\/posts\/34792\/revisions\/34794"}],"wp:featuredmedia":[{"embeddable":true,"href":"https:\/\/radiocresatelital.com\/index.php?rest_route=\/wp\/v2\/media\/34793"}],"wp:attachment":[{"href":"https:\/\/radiocresatelital.com\/index.php?rest_route=%2Fwp%2Fv2%2Fmedia&parent=34792"}],"wp:term":[{"taxonomy":"category","embeddable":true,"href":"https:\/\/radiocresatelital.com\/index.php?rest_route=%2Fwp%2Fv2%2Fcategories&post=34792"},{"taxonomy":"post_tag","embeddable":true,"href":"https:\/\/radiocresatelital.com\/index.php?rest_route=%2Fwp%2Fv2%2Ftags&post=34792"}],"curies":[{"name":"wp","href":"https:\/\/api.w.org\/{rel}","templated":true}]}}