{"id":34773,"date":"2025-08-26T17:27:54","date_gmt":"2025-08-26T17:27:54","guid":{"rendered":"https:\/\/radiocresatelital.com\/?p=34773"},"modified":"2025-08-26T20:29:38","modified_gmt":"2025-08-26T20:29:38","slug":"primer-centro-de-reproduccion-humana-del-ecuador-abre-sus-puertas-en-la-provincia-del-guayas","status":"publish","type":"post","link":"https:\/\/radiocresatelital.com\/?p=34773","title":{"rendered":"Primer Centro de Reproducci\u00f3n Humana del Ecuador abre sus puertas en la provincia del Guayas"},"content":{"rendered":"<p>Guayaquil.- En una ciudad donde cada vez m\u00e1s mujeres retrasan la maternidad y las cifras de infertilidad van en aumento, Guayaquil suma una alternativa cient\u00edfica y humana para quienes anhelan convertirse en padres.<\/p>\n<p>Es as\u00ed que, en el norte de la ciudad, abri\u00f3 sus puertas, el primer Centro de Reproducci\u00f3n Humana, un espacio que fusiona alta tecnolog\u00eda m\u00e9dica con una promesa profundamente emocional, acompa\u00f1ar el deseo de formar una familia.<\/p>\n<p>Ubicado en la torre m\u00e9dica Xima, este centro representa una inversi\u00f3n de m\u00e1s de 100 mil d\u00f3lares, y trae consigo equipos de \u00faltima generaci\u00f3n para tratamientos como fertilizaci\u00f3n in vitro (FIV), ICSI, vitrificaci\u00f3n y diagn\u00f3stico gen\u00e9tico embrionario, as\u00ed como la creaci\u00f3n de m\u00e1s de 35 nuevas plazas de empleo en \u00e1reas m\u00e9dicas, cient\u00edficas y administrativas.<\/p>\n<p>En Guayaquil, como en muchas ciudades de Am\u00e9rica Latina, la maternidad ha cambiado de ritmo. Muchas mujeres priorizan su formaci\u00f3n acad\u00e9mica y estabilidad econ\u00f3mica antes de pensar en tener hijos. Al mismo tiempo, el estr\u00e9s, las enfermedades ginecol\u00f3gicas y los factores ambientales afectan la fertilidad. A nivel nacional, se estima que entre el 15 y el 17\u202f% de las parejas presentan dificultades para concebir.<\/p>\n<p>\u201cLa infertilidad es una realidad cada vez m\u00e1s visible en Guayaquil. Pero hablar de infertilidad no es solo hablar de diagn\u00f3sticos m\u00e9dicos, es hablar de historias, de ilusiones, de luchas personales. Por eso creamos este espacio, para ofrecer una respuesta t\u00e9cnica, \u00e9tica y cercana\u201d, explica el Dr. Pablo Valencia, ginec\u00f3logo especialista en medicina reproductiva y director del centro.<\/p>\n<p>Con m\u00e1s de 20 a\u00f1os de trayectoria profesional, Valencia ha sido testigo del impacto emocional que produce la infertilidad. \u00abEn Guayaquil, muchas parejas tardan a\u00f1os buscando ayuda o enfrentan tratamientos sin el acompa\u00f1amiento adecuado. Nuestro prop\u00f3sito es brindar una atenci\u00f3n integral, con tecnolog\u00eda de punta, pero tambi\u00e9n con mucha humanidad\u00bb.<\/p>\n<p>El centro no solo representa un hito en salud reproductiva, tambi\u00e9n pone a Guayaquil a la altura de otras capitales latinoamericanas que han invertido en servicios especializados. Los tratamientos disponibles permiten que parejas inf\u00e9rtiles puedan iniciar procesos de fertilizaci\u00f3n personalizados, con seguimiento cl\u00ednico y emocional.<\/p>\n<p>Adem\u00e1s, se plantea como un espacio educativo: se impulsar\u00e1n charlas abiertas sobre salud reproductiva, fertilidad y preservaci\u00f3n ov\u00e1rica, un tema que cobra relevancia entre mujeres j\u00f3venes que desean postergar su maternidad.<\/p>\n<p>La apertura de este centro en Guayaquil tiene un valor simb\u00f3lico, reconocer que la salud reproductiva debe dejar de ser un tema tab\u00fa y pasar a ser parte de la conversaci\u00f3n p\u00fablica. Porque detr\u00e1s de cada tratamiento hay una historia de esperanza, de perseverancia y, sobre todo, de amor.<\/p>\n","protected":false},"excerpt":{"rendered":"<p>Guayaquil.- En una ciudad donde cada vez m\u00e1s mujeres retrasan la maternidad y las cifras de infertilidad van en aumento, Guayaquil suma una alternativa cient\u00edfica y humana para quienes anhelan convertirse en padres. Es as\u00ed que, en el norte de la ciudad, abri\u00f3 sus puertas, el primer Centro de Reproducci\u00f3n Humana, un espacio que fusiona [&hellip;]<\/p>\n","protected":false},"author":2,"featured_media":34774,"comment_status":"open","ping_status":"closed","sticky":false,"template":"","format":"standard","meta":{"_jetpack_memberships_contains_paid_content":false,"footnotes":""},"categories":[13],"tags":[5532],"class_list":["post-34773","post","type-post","status-publish","format-standard","has-post-thumbnail","hentry","category-noticias-nacionales","tag-primer-centro-de-reproduccion-humana-del-ecuador"],"jetpack_featured_media_url":"https:\/\/radiocresatelital.com\/wp-content\/uploads\/2025\/08\/IMAGEN.jpg","jetpack_sharing_enabled":true,"_links":{"self":[{"href":"https:\/\/radiocresatelital.com\/index.php?rest_route=\/wp\/v2\/posts\/34773","targetHints":{"allow":["GET"]}}],"collection":[{"href":"https:\/\/radiocresatelital.com\/index.php?rest_route=\/wp\/v2\/posts"}],"about":[{"href":"https:\/\/radiocresatelital.com\/index.php?rest_route=\/wp\/v2\/types\/post"}],"author":[{"embeddable":true,"href":"https:\/\/radiocresatelital.com\/index.php?rest_route=\/wp\/v2\/users\/2"}],"replies":[{"embeddable":true,"href":"https:\/\/radiocresatelital.com\/index.php?rest_route=%2Fwp%2Fv2%2Fcomments&post=34773"}],"version-history":[{"count":1,"href":"https:\/\/radiocresatelital.com\/index.php?rest_route=\/wp\/v2\/posts\/34773\/revisions"}],"predecessor-version":[{"id":34775,"href":"https:\/\/radiocresatelital.com\/index.php?rest_route=\/wp\/v2\/posts\/34773\/revisions\/34775"}],"wp:featuredmedia":[{"embeddable":true,"href":"https:\/\/radiocresatelital.com\/index.php?rest_route=\/wp\/v2\/media\/34774"}],"wp:attachment":[{"href":"https:\/\/radiocresatelital.com\/index.php?rest_route=%2Fwp%2Fv2%2Fmedia&parent=34773"}],"wp:term":[{"taxonomy":"category","embeddable":true,"href":"https:\/\/radiocresatelital.com\/index.php?rest_route=%2Fwp%2Fv2%2Fcategories&post=34773"},{"taxonomy":"post_tag","embeddable":true,"href":"https:\/\/radiocresatelital.com\/index.php?rest_route=%2Fwp%2Fv2%2Ftags&post=34773"}],"curies":[{"name":"wp","href":"https:\/\/api.w.org\/{rel}","templated":true}]}}