{"id":34764,"date":"2025-08-26T17:13:46","date_gmt":"2025-08-26T17:13:46","guid":{"rendered":"https:\/\/radiocresatelital.com\/?p=34764"},"modified":"2025-08-26T20:15:27","modified_gmt":"2025-08-26T20:15:27","slug":"seguros-interoceanica-lanza-crediflex-un-seguro-de-credito-para-proteger-a-empresarios","status":"publish","type":"post","link":"https:\/\/radiocresatelital.com\/?p=34764","title":{"rendered":"Seguros Interoce\u00e1nica lanza \u201cCrediflex\u201d, un seguro de cr\u00e9dito para proteger a empresarios"},"content":{"rendered":"<p>Quito.- Con 38 a\u00f1os de experiencia respaldando a los ecuatorianos, <strong>Seguros Interoce\u00e1nica<\/strong> anuncia el lanzamiento de su nuevo producto <strong>\u201cCrediflex\u201d<\/strong>, un seguro de cr\u00e9dito dise\u00f1ado para proteger a empresarios que ofrecen productos o servicios bajo la modalidad de venta a cr\u00e9dito.<\/p>\n<p>Esta p\u00f3liza busca minimizar los riesgos de falta de pago por parte de clientes deudores, permitiendo que las empresas mantengan su flujo de caja estable y contin\u00faen creciendo de forma segura.<\/p>\n<p>\u201cCon esta nueva propuesta buscamos acompa\u00f1ar a las empresas ecuatorianas en su crecimiento, brind\u00e1ndoles una soluci\u00f3n accesible y simplificada para proteger sus ventas. Es una herramienta clave para quienes venden a cr\u00e9dito y quieren tener tranquilidad financiera\u201d, expres\u00f3 <strong>Denise Guti\u00e9rrez, jefa de Seguro de Cr\u00e9dito de Seguros Interoce\u00e1nica<\/strong><strong>.<\/strong><\/p>\n<p><strong>\u00bfQu\u00e9 es la P\u00f3liza Crediflex?<\/strong><\/p>\n<p>Es un seguro dise\u00f1ado para indemnizar al empresario asegurado frente al impago de las facturas por parte de sus clientes y <strong>aplica para las ventas nacionales con plazos de pago de hasta 120 d\u00edas, los deudores pueden ser personas jur\u00eddicas o naturales con RUC. <\/strong><\/p>\n<p><strong>\u00a0<\/strong><strong>Caracter\u00edsticas destacadas:<\/strong><\/p>\n<ul>\n<li>Prima fija ajustada a las ventas.<\/li>\n<li>Sin l\u00edmite de indemnizaci\u00f3n.<\/li>\n<li>Sin declaraciones de ventas.<\/li>\n<li>Sin reajustes de prima.<\/li>\n<li>Sin carga administrativa.<\/li>\n<li>Cobertura de 6 o 12 meses.<\/li>\n<li>Sin m\u00ednimo de clientes asegurados.<\/li>\n<\/ul>\n<p>Esta p\u00f3liza ofrece una cobertura integral en tres pasos claves para proteger a las empresas frente a la falta de pago de sus clientes. El proceso inicia con una evaluaci\u00f3n crediticia que permite analizar el riesgo y asignar un cupo de cr\u00e9dito a los clientes del asegurado. En caso de impagos, se activa la gesti\u00f3n de recobro, tanto de forma amistosa como judicial, sobre las facturas aseguradas. Finalmente, en el plazo m\u00e1s corto del mercado, tres meses desde que el siniestro es aceptado, se realiza el pago de la indemnizaci\u00f3n, garantizando as\u00ed la continuidad del flujo de efectivo del negocio.<\/p>\n<p>Adem\u00e1s de la cobertura, Crediflex entrega beneficios adicionales pensados para impulsar la salud financiera del asegurado. Entre ellos se destaca el fortalecimiento del m\u00fasculo financiero debido al acceso a capital de trabajo sirviendo de garant\u00eda para las operaciones de factoring, ventajas contables y tributarias al ser considerado un gasto deducible seg\u00fan las Normas Internacionales de Informaci\u00f3n Financiera (NIIF), ahorro en costos relacionados con la evaluaci\u00f3n crediticia y mayor seguridad para alcanzar un crecimiento sostenido y rentable.<\/p>\n<p>Con este nuevo producto, Interoce\u00e1nica, aseguradora ecuatoriana con 38 a\u00f1os de vida institucional, reafirma su compromiso con la innovaci\u00f3n, la protecci\u00f3n y el desarrollo de los negocios del pa\u00eds.<\/p>\n","protected":false},"excerpt":{"rendered":"<p>Quito.- Con 38 a\u00f1os de experiencia respaldando a los ecuatorianos, Seguros Interoce\u00e1nica anuncia el lanzamiento de su nuevo producto \u201cCrediflex\u201d, un seguro de cr\u00e9dito dise\u00f1ado para proteger a empresarios que ofrecen productos o servicios bajo la modalidad de venta a cr\u00e9dito. Esta p\u00f3liza busca minimizar los riesgos de falta de pago por parte de clientes [&hellip;]<\/p>\n","protected":false},"author":2,"featured_media":34765,"comment_status":"open","ping_status":"closed","sticky":false,"template":"","format":"standard","meta":{"_jetpack_memberships_contains_paid_content":false,"footnotes":""},"categories":[13],"tags":[5530,4827],"class_list":["post-34764","post","type-post","status-publish","format-standard","has-post-thumbnail","hentry","category-noticias-nacionales","tag-crediflex","tag-seguros-interoceanica"],"jetpack_featured_media_url":"https:\/\/radiocresatelital.com\/wp-content\/uploads\/2025\/08\/WhatsApp-Image-2025-08-26-at-15.10.12.jpeg","jetpack_sharing_enabled":true,"_links":{"self":[{"href":"https:\/\/radiocresatelital.com\/index.php?rest_route=\/wp\/v2\/posts\/34764","targetHints":{"allow":["GET"]}}],"collection":[{"href":"https:\/\/radiocresatelital.com\/index.php?rest_route=\/wp\/v2\/posts"}],"about":[{"href":"https:\/\/radiocresatelital.com\/index.php?rest_route=\/wp\/v2\/types\/post"}],"author":[{"embeddable":true,"href":"https:\/\/radiocresatelital.com\/index.php?rest_route=\/wp\/v2\/users\/2"}],"replies":[{"embeddable":true,"href":"https:\/\/radiocresatelital.com\/index.php?rest_route=%2Fwp%2Fv2%2Fcomments&post=34764"}],"version-history":[{"count":1,"href":"https:\/\/radiocresatelital.com\/index.php?rest_route=\/wp\/v2\/posts\/34764\/revisions"}],"predecessor-version":[{"id":34766,"href":"https:\/\/radiocresatelital.com\/index.php?rest_route=\/wp\/v2\/posts\/34764\/revisions\/34766"}],"wp:featuredmedia":[{"embeddable":true,"href":"https:\/\/radiocresatelital.com\/index.php?rest_route=\/wp\/v2\/media\/34765"}],"wp:attachment":[{"href":"https:\/\/radiocresatelital.com\/index.php?rest_route=%2Fwp%2Fv2%2Fmedia&parent=34764"}],"wp:term":[{"taxonomy":"category","embeddable":true,"href":"https:\/\/radiocresatelital.com\/index.php?rest_route=%2Fwp%2Fv2%2Fcategories&post=34764"},{"taxonomy":"post_tag","embeddable":true,"href":"https:\/\/radiocresatelital.com\/index.php?rest_route=%2Fwp%2Fv2%2Ftags&post=34764"}],"curies":[{"name":"wp","href":"https:\/\/api.w.org\/{rel}","templated":true}]}}