{"id":34755,"date":"2025-08-26T19:49:31","date_gmt":"2025-08-26T19:49:31","guid":{"rendered":"https:\/\/radiocresatelital.com\/?p=34755"},"modified":"2025-08-26T19:49:31","modified_gmt":"2025-08-26T19:49:31","slug":"ecuador-prioriza-estrategias-para-el-monitoreo-y-control-de-la-salud-materno-y-neonatal","status":"publish","type":"post","link":"https:\/\/radiocresatelital.com\/?p=34755","title":{"rendered":"Ecuador prioriza estrategias para el monitoreo y control de la salud materno y neonatal"},"content":{"rendered":"<p>Quito.- Del 26 al 28 de agosto, el Ministerio de Salud P\u00fablica (MSP) liderar\u00e1 el \u201cPrimer Congreso de Salud Materno Neonatal 2025 en Quito\u201d, un espacio de encuentro para profesionales de la salud, investigadores y tomadores de decisiones. Esta iniciativa permitir\u00e1 sumar esfuerzos para reducir la mortalidad materna y neonatal, adem\u00e1s de mejorar la calidad de vida de las familias.<\/p>\n<p>Este espacio representa una oportunidad para compartir conocimientos, experiencias y buenas pr\u00e1cticas, as\u00ed como para fortalecer redes de colaboraci\u00f3n en estrategias dirigidas a favor de madres, ni\u00f1os y ni\u00f1as. El debate entre expertos, sin duda, contribuir\u00e1 a la mejora de la calidad de la atenci\u00f3n en salud.<\/p>\n<p>Alrededor de 400 profesionales de la salud de todo el pa\u00eds se reuni\u00f3 en este congreso, entre ellos, neonat\u00f3logos, pediatras, obstetras, m\u00e9dicos, enfermeras.\u00a0 Participaron tambi\u00e9n responsables de las pol\u00edticas p\u00fablicas sanitarias, acad\u00e9micos, organizaciones no gubernamentales y representantes de organismos internacionales que brindar\u00e1n apoyo t\u00e9cnico y organizacional durante las ponencias.<\/p>\n<p>Durante la apertura del congreso, Jimmy Martin, ministro de Salud P\u00fablica, se\u00f1al\u00f3 que la salud materna y neonatal es uno de los pilares m\u00e1s sensibles y determinantes de cualquier sistema de salud. \u201cEn cada madre y en cada reci\u00e9n nacido se refleja no solo la fortaleza de nuestras pol\u00edticas p\u00fablicas, sino tambi\u00e9n la esperanza de todos los ciudadanos. El reto es grande, pero lo asumimos con la convicci\u00f3n de que proteger la vida desde su inicio es la mejor inversi\u00f3n en el futuro de nuestro pa\u00eds\u201d.<\/p>\n<p>A su vez, la autoridad sanitaria, destac\u00f3 la importancia de actualizar y buscar conocimientos, mejorar habilidades y participar justamente de estos espacios que nos permiten compartir buenas pr\u00e1cticas para beneficio de nuestra poblaci\u00f3n.<\/p>\n<p>La salud materno neonatal es una prioridad en salud p\u00fablica para el Gobierno Nacional y reducir las tasas de mortalidad materna e infantil contin\u00faan siendo un desaf\u00edo importante. En este contexto, el MSP cre\u00f3 en este 2025 la \u201cComisi\u00f3n Interinstitucional de Salud Materna y Neonatal\u201d, que busca generar acciones de implementaci\u00f3n, fortalecimiento, monitoreo, control y retroalimentaci\u00f3n de estrategias nacionales para la reducci\u00f3n de la morbilidad y mortalidad materna neonatal en el Ecuador.<\/p>\n<p>Sonia Quezada, representante de la Organizaci\u00f3n Panamericana de Salud (OPS\/OMS) en Ecuador, puntualiz\u00f3 que 9 de cada 10 muertes maternas pueden evitarse con acceso oportuno a servicios de calidad y personal de salud capacitado. \u201cEste congreso adquiere un valor trascendental porque no es solo un evento acad\u00e9mico, sino una plataforma que permite traducir objetivos globales en acciones concretas y que ninguna madre, ning\u00fan reci\u00e9n nacido quede atr\u00e1s\u201d.<\/p>\n<p>Por su parte, el representante del Fondo de Poblaci\u00f3n de las Naciones Unidas (UNFPA), Markus Behrend, felicit\u00f3 esta iniciativa que coloca en el centro una de las prioridades m\u00e1s urgentes en salud p\u00fablica, reducir las muertes maternas y neonatales en el pa\u00eds. \u201cLa mortalidad materna es uno de los indicadores m\u00e1s sensible de la equidad, la capacidad de respuesta y la calidad en un sistema de salud\u201d.<\/p>\n<p>Arturo Romboli, representante del Fondo de las Naciones Unidas para la Infancia (UNICEF), indic\u00f3 que este espacio es fundamental no solo para reflexionar sino para sumar voluntades y fortalecer un compromiso com\u00fan, el bienestar de madres, beb\u00e9s y sus familias. Asimismo, Antonio Lapenta, coordinador Regional de Salud del Fondo Italo Ecuatoriano para el Desarrollo Sostenible (FIEDS) y Agencia Italiana de Cooperaci\u00f3n y Desarrollo \u2013 AICS, ratific\u00f3 su compromiso de continuar apoyando en temas de salud p\u00fablica y fortalecer las capacidades t\u00e9cnicas de los operadores en salud, \u201csin operadores sanitarios formados, capacitados y motivados no habr\u00e1 una mejora real en la atenci\u00f3n de salud\u201d.<\/p>\n<p>Esta cartera de Estado impulsa este tipo de encuentros acad\u00e9micos para fortalecer la capacidad t\u00e9cnica nacional de sus profesionales, potenciar las buenas pr\u00e1cticas en salud y promover mejoras en la atenci\u00f3n materna y neonatal en todo el Ecuador.<\/p>\n","protected":false},"excerpt":{"rendered":"<p>Quito.- Del 26 al 28 de agosto, el Ministerio de Salud P\u00fablica (MSP) liderar\u00e1 el \u201cPrimer Congreso de Salud Materno Neonatal 2025 en Quito\u201d, un espacio de encuentro para profesionales de la salud, investigadores y tomadores de decisiones. Esta iniciativa permitir\u00e1 sumar esfuerzos para reducir la mortalidad materna y neonatal, adem\u00e1s de mejorar la calidad [&hellip;]<\/p>\n","protected":false},"author":2,"featured_media":34756,"comment_status":"open","ping_status":"closed","sticky":false,"template":"","format":"standard","meta":{"_jetpack_memberships_contains_paid_content":false,"footnotes":""},"categories":[13],"tags":[5528,148],"class_list":["post-34755","post","type-post","status-publish","format-standard","has-post-thumbnail","hentry","category-noticias-nacionales","tag-primer-congreso-de-salud-materno-neonatal-2025-en-quito","tag-ministerio-de-salud-publica"],"jetpack_featured_media_url":"https:\/\/radiocresatelital.com\/wp-content\/uploads\/2025\/08\/WhatsApp-Image-2025-08-26-at-10.50.07-3-1536x864-1.jpeg","jetpack_sharing_enabled":true,"_links":{"self":[{"href":"https:\/\/radiocresatelital.com\/index.php?rest_route=\/wp\/v2\/posts\/34755","targetHints":{"allow":["GET"]}}],"collection":[{"href":"https:\/\/radiocresatelital.com\/index.php?rest_route=\/wp\/v2\/posts"}],"about":[{"href":"https:\/\/radiocresatelital.com\/index.php?rest_route=\/wp\/v2\/types\/post"}],"author":[{"embeddable":true,"href":"https:\/\/radiocresatelital.com\/index.php?rest_route=\/wp\/v2\/users\/2"}],"replies":[{"embeddable":true,"href":"https:\/\/radiocresatelital.com\/index.php?rest_route=%2Fwp%2Fv2%2Fcomments&post=34755"}],"version-history":[{"count":1,"href":"https:\/\/radiocresatelital.com\/index.php?rest_route=\/wp\/v2\/posts\/34755\/revisions"}],"predecessor-version":[{"id":34757,"href":"https:\/\/radiocresatelital.com\/index.php?rest_route=\/wp\/v2\/posts\/34755\/revisions\/34757"}],"wp:featuredmedia":[{"embeddable":true,"href":"https:\/\/radiocresatelital.com\/index.php?rest_route=\/wp\/v2\/media\/34756"}],"wp:attachment":[{"href":"https:\/\/radiocresatelital.com\/index.php?rest_route=%2Fwp%2Fv2%2Fmedia&parent=34755"}],"wp:term":[{"taxonomy":"category","embeddable":true,"href":"https:\/\/radiocresatelital.com\/index.php?rest_route=%2Fwp%2Fv2%2Fcategories&post=34755"},{"taxonomy":"post_tag","embeddable":true,"href":"https:\/\/radiocresatelital.com\/index.php?rest_route=%2Fwp%2Fv2%2Ftags&post=34755"}],"curies":[{"name":"wp","href":"https:\/\/api.w.org\/{rel}","templated":true}]}}