{"id":34743,"date":"2025-08-26T18:49:24","date_gmt":"2025-08-26T18:49:24","guid":{"rendered":"https:\/\/radiocresatelital.com\/?p=34743"},"modified":"2025-08-26T18:49:36","modified_gmt":"2025-08-26T18:49:36","slug":"continua-la-transformacion-de-lomas-de-urdesa-con-peatonales-y-escalinatas-renovadas","status":"publish","type":"post","link":"https:\/\/radiocresatelital.com\/?p=34743","title":{"rendered":"Contin\u00faa la transformaci\u00f3n de Lomas de Urdesa con peatonales y escalinatas renovadas"},"content":{"rendered":"<p>Guayaquil.- Urdesa, considerada una de las ciudadelas emblem\u00e1ticas de Guayaquil, est\u00e1 recuperando su esencia residencial gracias a un proceso de modernizaci\u00f3n urbana que marca un antes y un despu\u00e9s en la vida del sector.<\/p>\n<p>La reconstrucci\u00f3n de 15 peatonales y 8 escalinatas en Lomas de Urdesa registra un 64 % de avance. La intervenci\u00f3n contempla la colocaci\u00f3n de adoquines, construcci\u00f3n de aceras, modernizaci\u00f3n del sistema de agua potable, actualizaci\u00f3n de ramales de aguas servidas y lluvias, mantenimiento de luminarias y arborizaci\u00f3n en puntos estrat\u00e9gicos.<\/p>\n<p>Ocho peatonales ya fueron renovadas y se ejecuta la fase de intervenci\u00f3n agron\u00f3mica. En las restantes contin\u00faan los trabajos de infraestructura. Respecto a las escalinatas, tres han sido rehabilitadas, dos est\u00e1n en ejecuci\u00f3n y dos m\u00e1s<br \/>\npermanecen pendientes. La inversi\u00f3n asciende a USD 751.000 y ha generado 220 empleos directos e indirectos.<\/p>\n<p>\u201cEs para darle m\u00e1s belleza a la ciudadela, porque como ven est\u00e1n todas las peatonales nuevecitas y nosotros contentos, por supuesto\u201d, expres\u00f3 Jos\u00e9 Mancilla, morador de Urdesa Central. Tambi\u00e9n hizo un llamado a la corresponsabilidad a todos sus vecinos y visitantes. \u201cDe nada sirve arreglar las peatonales si despu\u00e9s vamos a estar tirando basura. Eso tambi\u00e9n es cultural. El llamado es a todos, para que lo que est\u00e1n haciendo ustedes (Municipio) nos dure m\u00e1s\u201d, enfatiz\u00f3.<\/p>\n<p>La transformaci\u00f3n no se limita a la infraestructura peatonal. En octubre se entregar\u00e1 un complejo deportivo con canchas de p\u00e1del en Urdesa Central y, de manera paralela, avanza el dise\u00f1o de un plan progresivo para soterrar cables de telecomunicaciones.<\/p>\n<p>El impulso se consolida adem\u00e1s con Ruta Urdesa, que cada domingo convierte la Av. V\u00edctor Emilio Estrada en un espacio exclusivo para peatones y ciclistas, fomentando la recreaci\u00f3n y fortaleciendo la vida comunitaria.<\/p>\n<p>Urdesa se reinventa y sus habitantes ya viven la experiencia de una ciudadela m\u00e1s ordenada y pensada para disfrutar en comunidad<\/p>\n","protected":false},"excerpt":{"rendered":"<p>Guayaquil.- Urdesa, considerada una de las ciudadelas emblem\u00e1ticas de Guayaquil, est\u00e1 recuperando su esencia residencial gracias a un proceso de modernizaci\u00f3n urbana que marca un antes y un despu\u00e9s en la vida del sector. La reconstrucci\u00f3n de 15 peatonales y 8 escalinatas en Lomas de Urdesa registra un 64 % de avance. La intervenci\u00f3n contempla [&hellip;]<\/p>\n","protected":false},"author":2,"featured_media":34744,"comment_status":"open","ping_status":"closed","sticky":false,"template":"","format":"standard","meta":{"_jetpack_memberships_contains_paid_content":false,"footnotes":""},"categories":[33,13],"tags":[193],"class_list":["post-34743","post","type-post","status-publish","format-standard","has-post-thumbnail","hentry","category-guayaquil","category-noticias-nacionales","tag-urdesa"],"jetpack_featured_media_url":"https:\/\/radiocresatelital.com\/wp-content\/uploads\/2025\/08\/DSC_7713-scaled.jpg","jetpack_sharing_enabled":true,"_links":{"self":[{"href":"https:\/\/radiocresatelital.com\/index.php?rest_route=\/wp\/v2\/posts\/34743","targetHints":{"allow":["GET"]}}],"collection":[{"href":"https:\/\/radiocresatelital.com\/index.php?rest_route=\/wp\/v2\/posts"}],"about":[{"href":"https:\/\/radiocresatelital.com\/index.php?rest_route=\/wp\/v2\/types\/post"}],"author":[{"embeddable":true,"href":"https:\/\/radiocresatelital.com\/index.php?rest_route=\/wp\/v2\/users\/2"}],"replies":[{"embeddable":true,"href":"https:\/\/radiocresatelital.com\/index.php?rest_route=%2Fwp%2Fv2%2Fcomments&post=34743"}],"version-history":[{"count":1,"href":"https:\/\/radiocresatelital.com\/index.php?rest_route=\/wp\/v2\/posts\/34743\/revisions"}],"predecessor-version":[{"id":34745,"href":"https:\/\/radiocresatelital.com\/index.php?rest_route=\/wp\/v2\/posts\/34743\/revisions\/34745"}],"wp:featuredmedia":[{"embeddable":true,"href":"https:\/\/radiocresatelital.com\/index.php?rest_route=\/wp\/v2\/media\/34744"}],"wp:attachment":[{"href":"https:\/\/radiocresatelital.com\/index.php?rest_route=%2Fwp%2Fv2%2Fmedia&parent=34743"}],"wp:term":[{"taxonomy":"category","embeddable":true,"href":"https:\/\/radiocresatelital.com\/index.php?rest_route=%2Fwp%2Fv2%2Fcategories&post=34743"},{"taxonomy":"post_tag","embeddable":true,"href":"https:\/\/radiocresatelital.com\/index.php?rest_route=%2Fwp%2Fv2%2Ftags&post=34743"}],"curies":[{"name":"wp","href":"https:\/\/api.w.org\/{rel}","templated":true}]}}