{"id":34709,"date":"2025-08-26T15:14:28","date_gmt":"2025-08-26T15:14:28","guid":{"rendered":"https:\/\/radiocresatelital.com\/?p=34709"},"modified":"2025-08-26T15:14:28","modified_gmt":"2025-08-26T15:14:28","slug":"suspenden-audiencia-de-formulacion-de-cargos-en-el-caso-villavicencio-por-procedimiento-dental-de-abogado","status":"publish","type":"post","link":"https:\/\/radiocresatelital.com\/?p=34709","title":{"rendered":"Suspenden audiencia de formulaci\u00f3n de cargos en el caso Villavicencio por procedimiento dental de abogado"},"content":{"rendered":"<p>Quito.- La audiencia de formulaci\u00f3n de cargos contra Jos\u00e9 Serrano, Ronny Aleaga, Xavier Jord\u00e1n y Daniel Salcedo, procesados por su presunta participaci\u00f3n como autores intelectuales en el asesinato de Fernando Villavicencio, fue suspendida este 26 de agosto de 2025 y reprogramada para el 3 de septiembre.<\/p>\n<p>La diligencia, convocada para las 08:40 en la Unidad Judicial Penal de I\u00f1aquito, se aplaz\u00f3 debido a la ausencia del abogado de Ronny Aleaga, quien aleg\u00f3 un procedimiento dental. La jueza Mar\u00eda Daniela Ayala critic\u00f3 que la excusa buscaba \u00fanicamente dilatar el proceso, se\u00f1alando que no considera v\u00e1lida una \u201cemergencia dental\u201d para suspender la audiencia. Adem\u00e1s, impuso al abogado una multa de dos salarios b\u00e1sicos unificados.<\/p>\n<p>La jueza subray\u00f3 que la demora es un \u201csin sentido\u201d, ya que la Fiscal\u00eda presentar\u00e1 igualmente la vinculaci\u00f3n de los procesados, y el resultado ser\u00e1 el mismo al momento de realizar la audiencia. Tambi\u00e9n se\u00f1al\u00f3 que, aunque otras situaciones de emergencia, como accidentes de tr\u00e1nsito o internamientos, podr\u00edan ser consideradas, en este caso no aplica.<\/p>\n","protected":false},"excerpt":{"rendered":"<p>Quito.- La audiencia de formulaci\u00f3n de cargos contra Jos\u00e9 Serrano, Ronny Aleaga, Xavier Jord\u00e1n y Daniel Salcedo, procesados por su presunta participaci\u00f3n como autores intelectuales en el asesinato de Fernando Villavicencio, fue suspendida este 26 de agosto de 2025 y reprogramada para el 3 de septiembre. La diligencia, convocada para las 08:40 en la Unidad [&hellip;]<\/p>\n","protected":false},"author":3,"featured_media":34710,"comment_status":"open","ping_status":"closed","sticky":false,"template":"","format":"standard","meta":{"_jetpack_memberships_contains_paid_content":false,"footnotes":""},"categories":[13],"tags":[5523],"class_list":["post-34709","post","type-post","status-publish","format-standard","has-post-thumbnail","hentry","category-noticias-nacionales","tag-suspenden-audiencia"],"jetpack_featured_media_url":"https:\/\/radiocresatelital.com\/wp-content\/uploads\/2025\/08\/68a4b07f6605b.r_d.562-413.jpeg","jetpack_sharing_enabled":true,"_links":{"self":[{"href":"https:\/\/radiocresatelital.com\/index.php?rest_route=\/wp\/v2\/posts\/34709","targetHints":{"allow":["GET"]}}],"collection":[{"href":"https:\/\/radiocresatelital.com\/index.php?rest_route=\/wp\/v2\/posts"}],"about":[{"href":"https:\/\/radiocresatelital.com\/index.php?rest_route=\/wp\/v2\/types\/post"}],"author":[{"embeddable":true,"href":"https:\/\/radiocresatelital.com\/index.php?rest_route=\/wp\/v2\/users\/3"}],"replies":[{"embeddable":true,"href":"https:\/\/radiocresatelital.com\/index.php?rest_route=%2Fwp%2Fv2%2Fcomments&post=34709"}],"version-history":[{"count":2,"href":"https:\/\/radiocresatelital.com\/index.php?rest_route=\/wp\/v2\/posts\/34709\/revisions"}],"predecessor-version":[{"id":34712,"href":"https:\/\/radiocresatelital.com\/index.php?rest_route=\/wp\/v2\/posts\/34709\/revisions\/34712"}],"wp:featuredmedia":[{"embeddable":true,"href":"https:\/\/radiocresatelital.com\/index.php?rest_route=\/wp\/v2\/media\/34710"}],"wp:attachment":[{"href":"https:\/\/radiocresatelital.com\/index.php?rest_route=%2Fwp%2Fv2%2Fmedia&parent=34709"}],"wp:term":[{"taxonomy":"category","embeddable":true,"href":"https:\/\/radiocresatelital.com\/index.php?rest_route=%2Fwp%2Fv2%2Fcategories&post=34709"},{"taxonomy":"post_tag","embeddable":true,"href":"https:\/\/radiocresatelital.com\/index.php?rest_route=%2Fwp%2Fv2%2Ftags&post=34709"}],"curies":[{"name":"wp","href":"https:\/\/api.w.org\/{rel}","templated":true}]}}