{"id":34689,"date":"2025-08-26T14:27:15","date_gmt":"2025-08-26T14:27:15","guid":{"rendered":"https:\/\/radiocresatelital.com\/?p=34689"},"modified":"2025-08-27T03:26:00","modified_gmt":"2025-08-27T03:26:00","slug":"trump-niega-ser-dictador-y-defiende-su-estrategia-contra-la-criminalidad-en-ee-uu","status":"publish","type":"post","link":"https:\/\/radiocresatelital.com\/?p=34689","title":{"rendered":"Trump niega ser \u201cdictador\u201d y defiende su estrategia contra la criminalidad en EE.\u202fUU."},"content":{"rendered":"<p>Washington.- El Presidente de Estados Unidos, Donald Trump, afirm\u00f3 este martes que no es \u201cun dictador\u201d, sino \u201cuna persona con gran sentido com\u00fan y una persona inteligente\u201d, en respuesta a las cr\u00edticas que ha recibido por desplegar tropas en Washington y amenazar con hacerlo tambi\u00e9n en Chicago.<\/p>\n<p>\u201cCuando tengo a un tipo como JB Pritzker (gobernador de Illinois) critic\u00e1ndonos antes incluso de que lleguemos, digo: \u2018La siguiente deber\u00eda ser Chicago\u2019. Como todos saben, Chicago es un campo de muerte en este momento y no lo reconocen\u201d, se\u00f1al\u00f3 Trump, pese a que la ciudad no se encuentra entre las de mayor criminalidad en el pa\u00eds.<\/p>\n<p>El mandatario defendi\u00f3 su estrategia para combatir la criminalidad y lament\u00f3 que, en lugar de recibir elogios, lo acusen de \u201cintentar tomar la Rep\u00fablica\u201d. \u201cEstas personas est\u00e1n mal de la cabeza\u201d, a\u00f1adi\u00f3.<\/p>\n<p>Durante sus declaraciones desde el Despacho Oval, Trump tambi\u00e9n indic\u00f3 que muchas personas han dicho: \u201cBueno, tal vez nos vendr\u00eda bien un dictador. A m\u00ed no me gustan los dictadores\u201d, reforzando su negativa a ser calificado como tal.<\/p>\n<p>El enfrentamiento con las autoridades de Chicago y del estado de Illinois refleja las tensiones entre el gobierno federal y los municipios con alcaldes dem\u00f3cratas sobre el manejo de la seguridad en sus ciudades.<\/p>\n<p><strong>Colaboraci\u00f3n: Xavier Vel\u00e1squez<\/strong><\/p>\n","protected":false},"excerpt":{"rendered":"<p>Washington.- El Presidente de Estados Unidos, Donald Trump, afirm\u00f3 este martes que no es \u201cun dictador\u201d, sino \u201cuna persona con gran sentido com\u00fan y una persona inteligente\u201d, en respuesta a las cr\u00edticas que ha recibido por desplegar tropas en Washington y amenazar con hacerlo tambi\u00e9n en Chicago. \u201cCuando tengo a un tipo como JB Pritzker [&hellip;]<\/p>\n","protected":false},"author":3,"featured_media":34692,"comment_status":"open","ping_status":"closed","sticky":false,"template":"","format":"standard","meta":{"_jetpack_memberships_contains_paid_content":false,"footnotes":""},"categories":[11],"tags":[442],"class_list":["post-34689","post","type-post","status-publish","format-standard","has-post-thumbnail","hentry","category-noticias-internacionales","tag-donald-trump"],"jetpack_featured_media_url":"https:\/\/radiocresatelital.com\/wp-content\/uploads\/2025\/08\/7276485a-d065-4fc0-a2c1-ff2f66f38515.jpeg","jetpack_sharing_enabled":true,"_links":{"self":[{"href":"https:\/\/radiocresatelital.com\/index.php?rest_route=\/wp\/v2\/posts\/34689","targetHints":{"allow":["GET"]}}],"collection":[{"href":"https:\/\/radiocresatelital.com\/index.php?rest_route=\/wp\/v2\/posts"}],"about":[{"href":"https:\/\/radiocresatelital.com\/index.php?rest_route=\/wp\/v2\/types\/post"}],"author":[{"embeddable":true,"href":"https:\/\/radiocresatelital.com\/index.php?rest_route=\/wp\/v2\/users\/3"}],"replies":[{"embeddable":true,"href":"https:\/\/radiocresatelital.com\/index.php?rest_route=%2Fwp%2Fv2%2Fcomments&post=34689"}],"version-history":[{"count":3,"href":"https:\/\/radiocresatelital.com\/index.php?rest_route=\/wp\/v2\/posts\/34689\/revisions"}],"predecessor-version":[{"id":34836,"href":"https:\/\/radiocresatelital.com\/index.php?rest_route=\/wp\/v2\/posts\/34689\/revisions\/34836"}],"wp:featuredmedia":[{"embeddable":true,"href":"https:\/\/radiocresatelital.com\/index.php?rest_route=\/wp\/v2\/media\/34692"}],"wp:attachment":[{"href":"https:\/\/radiocresatelital.com\/index.php?rest_route=%2Fwp%2Fv2%2Fmedia&parent=34689"}],"wp:term":[{"taxonomy":"category","embeddable":true,"href":"https:\/\/radiocresatelital.com\/index.php?rest_route=%2Fwp%2Fv2%2Fcategories&post=34689"},{"taxonomy":"post_tag","embeddable":true,"href":"https:\/\/radiocresatelital.com\/index.php?rest_route=%2Fwp%2Fv2%2Ftags&post=34689"}],"curies":[{"name":"wp","href":"https:\/\/api.w.org\/{rel}","templated":true}]}}