{"id":34682,"date":"2025-08-26T13:48:44","date_gmt":"2025-08-26T13:48:44","guid":{"rendered":"https:\/\/radiocresatelital.com\/?p=34682"},"modified":"2025-08-27T03:27:43","modified_gmt":"2025-08-27T03:27:43","slug":"daniel-noboa-inicia-acercamientos-en-japon-para-un-eventual-acuerdo-comercial","status":"publish","type":"post","link":"https:\/\/radiocresatelital.com\/?p=34682","title":{"rendered":"Daniel Noboa inicia acercamientos en Jap\u00f3n para un eventual acuerdo comercial"},"content":{"rendered":"<p>Tokyo.- El Presidente Daniel Noboa abri\u00f3 este martes 26 de agosto su agenda oficial en Jap\u00f3n con una reuni\u00f3n con la Federaci\u00f3n Empresarial de ese pa\u00eds, considerada una de las organizaciones m\u00e1s influyentes en la definici\u00f3n de la pol\u00edtica exterior japonesa en materia comercial.<\/p>\n<p>A la cita asistieron tambi\u00e9n alrededor de 30 empresarios y representantes de gremios exportadores ecuatorianos, interesados en ampliar la presencia de sus productos en el mercado nip\u00f3n. Actualmente, las exportaciones enfrentan aranceles que oscilan entre el 25 % y el 30 %, seg\u00fan explic\u00f3 Javier Rosero, presidente ejecutivo de la Federaci\u00f3n Ecuatoriana de Exportadores.<\/p>\n<p>\u201cEste encuentro, llevado al m\u00e1s alto nivel con el Presidente de la Rep\u00fablica, nos permitir\u00e1 avanzar hacia un acuerdo comercial y abrir di\u00e1logos que derrumben las barreras arancelarias que hoy limitan nuestra competitividad\u201d, se\u00f1al\u00f3 Rosero.<\/p>\n<p>Del lado japon\u00e9s, los empresarios destacaron la posibilidad de invertir en sectores estrat\u00e9gicos de Ecuador como salud, agroindustria, energ\u00eda, miner\u00eda responsable, seguridad, tecnolog\u00eda, industria automotriz y producci\u00f3n alimentaria.<\/p>\n<p>La canciller Gabriela Sommerfeld subray\u00f3 la relevancia de este primer contacto, al tratarse de un paso inicial para un eventual tratado comercial con Jap\u00f3n.<\/p>\n<p>La agenda del Presidente Noboa en Jap\u00f3n se extender\u00e1 hasta el 30 de agosto, antes de continuar con una visita oficial a Vietnam.<\/p>\n<p><strong>Colaboraci\u00f3n: Xavier Vel\u00e1squez<\/strong><\/p>\n","protected":false},"excerpt":{"rendered":"<p>Tokyo.- El Presidente Daniel Noboa abri\u00f3 este martes 26 de agosto su agenda oficial en Jap\u00f3n con una reuni\u00f3n con la Federaci\u00f3n Empresarial de ese pa\u00eds, considerada una de las organizaciones m\u00e1s influyentes en la definici\u00f3n de la pol\u00edtica exterior japonesa en materia comercial. A la cita asistieron tambi\u00e9n alrededor de 30 empresarios y representantes [&hellip;]<\/p>\n","protected":false},"author":3,"featured_media":34683,"comment_status":"open","ping_status":"closed","sticky":false,"template":"","format":"standard","meta":{"_jetpack_memberships_contains_paid_content":false,"footnotes":""},"categories":[13],"tags":[5518,1322],"class_list":["post-34682","post","type-post","status-publish","format-standard","has-post-thumbnail","hentry","category-noticias-nacionales","tag-acuerdo-comercial","tag-presidente-daniel-noboa"],"jetpack_featured_media_url":"https:\/\/radiocresatelital.com\/wp-content\/uploads\/2025\/08\/68a784cc7365c.r_d.1388-1158-2983-1.jpeg","jetpack_sharing_enabled":true,"_links":{"self":[{"href":"https:\/\/radiocresatelital.com\/index.php?rest_route=\/wp\/v2\/posts\/34682","targetHints":{"allow":["GET"]}}],"collection":[{"href":"https:\/\/radiocresatelital.com\/index.php?rest_route=\/wp\/v2\/posts"}],"about":[{"href":"https:\/\/radiocresatelital.com\/index.php?rest_route=\/wp\/v2\/types\/post"}],"author":[{"embeddable":true,"href":"https:\/\/radiocresatelital.com\/index.php?rest_route=\/wp\/v2\/users\/3"}],"replies":[{"embeddable":true,"href":"https:\/\/radiocresatelital.com\/index.php?rest_route=%2Fwp%2Fv2%2Fcomments&post=34682"}],"version-history":[{"count":4,"href":"https:\/\/radiocresatelital.com\/index.php?rest_route=\/wp\/v2\/posts\/34682\/revisions"}],"predecessor-version":[{"id":34837,"href":"https:\/\/radiocresatelital.com\/index.php?rest_route=\/wp\/v2\/posts\/34682\/revisions\/34837"}],"wp:featuredmedia":[{"embeddable":true,"href":"https:\/\/radiocresatelital.com\/index.php?rest_route=\/wp\/v2\/media\/34683"}],"wp:attachment":[{"href":"https:\/\/radiocresatelital.com\/index.php?rest_route=%2Fwp%2Fv2%2Fmedia&parent=34682"}],"wp:term":[{"taxonomy":"category","embeddable":true,"href":"https:\/\/radiocresatelital.com\/index.php?rest_route=%2Fwp%2Fv2%2Fcategories&post=34682"},{"taxonomy":"post_tag","embeddable":true,"href":"https:\/\/radiocresatelital.com\/index.php?rest_route=%2Fwp%2Fv2%2Ftags&post=34682"}],"curies":[{"name":"wp","href":"https:\/\/api.w.org\/{rel}","templated":true}]}}