{"id":34667,"date":"2025-08-26T03:31:41","date_gmt":"2025-08-26T03:31:41","guid":{"rendered":"https:\/\/radiocresatelital.com\/?p=34667"},"modified":"2025-08-26T03:31:41","modified_gmt":"2025-08-26T03:31:41","slug":"movimiento-rc5-niega-acusaciones-del-cartel-de-los-soles-y-ratifican-apoyo-al-gobierno-venezolano","status":"publish","type":"post","link":"https:\/\/radiocresatelital.com\/?p=34667","title":{"rendered":"Movimiento RC5 niega acusaciones del \u00abCartel de los Soles\u00bb y ratifican apoyo al Gobierno Venezolano"},"content":{"rendered":"<p>Quito.- En los \u00faltimos d\u00edas han circulado algunas acusaciones en contra de Nicol\u00e1s Maduro, Presidente de Venezuela, que tiene conexi\u00f3n con el denominado \u00abCartel de los Soles\u00bb, por ese motivo la RC5 ha emitiendo un comunicado donde han firmando su compromiso y apoyo con el Primer Mandatario Venezolano junto a su Gobierno.<\/p>\n<p>Seg\u00fan el comunicado de prensa del Movimiento Revoluci\u00f3n Ciudadana (RC5) ha reafirmado su apoyo al r\u00e9gimen venezolano y ha rechazado su vinculaci\u00f3n al \u00abCartel de los Soles\u00bb. As\u00edmismo, reiteraron su disposici\u00f3n para colaborar en el fortalecimiento de las pol\u00edticas del Ejecutivo y proteger la soberan\u00eda venezolana frente a las presiones internas y externas.<\/p>\n<p>Luisa Gonz\u00e1lez,\u00a0 excandidata presidencial y actual presidenta del movimiento, ratific\u00f3 su respaldo a Nicol\u00e1s Maduro, en un evento realizado en Suiza, junto a la militancia.<\/p>\n<p>La organizaci\u00f3n mencion\u00f3: \u00abSe inventan farsas medi\u00e1ticas como la del llamado \u00abCartel de los Soles\u00bb,\u00a0con el \u00fanico prop\u00f3sito de atacar a gobiernos soberanos y justificar sanciones e intervenciones. En Ecuador, en cambio, se ha guardado silencio frente a la presencia de la mafia albanesa, directamente relacionada con el expresidente Guillermo Lasso\u00bb<\/p>\n<p>El colectivo reafirm\u00f3 que su labor es promover el bienestar social y la estabilidad, desvincul\u00e1ndose de cualquier actividad il\u00edcita o criminal que se le haya atribuido.<\/p>\n<p>Por \u00faltimo, solicitaron respeto para su nombre y aclararon que continuar\u00e1n apoyando las iniciativas de Gobierno para buscar el desarrollo y la justicia en Venezuela.<\/p>\n<p>Ver\u00f3nica Chal\u00e9n Rosas<br \/>\n<a href=\"mailto:vchalenr@unemi.edu.ec\">vchalenr@unemi.edu.ec<\/a><\/p>\n","protected":false},"excerpt":{"rendered":"<p>Quito.- En los \u00faltimos d\u00edas han circulado algunas acusaciones en contra de Nicol\u00e1s Maduro, Presidente de Venezuela, que tiene conexi\u00f3n con el denominado \u00abCartel de los Soles\u00bb, por ese motivo la RC5 ha emitiendo un comunicado donde han firmando su compromiso y apoyo con el Primer Mandatario Venezolano junto a su Gobierno. Seg\u00fan el comunicado [&hellip;]<\/p>\n","protected":false},"author":2,"featured_media":34668,"comment_status":"open","ping_status":"closed","sticky":false,"template":"","format":"standard","meta":{"_jetpack_memberships_contains_paid_content":false,"footnotes":""},"categories":[13],"tags":[426,5516],"class_list":["post-34667","post","type-post","status-publish","format-standard","has-post-thumbnail","hentry","category-noticias-nacionales","tag-luisa-gonzalez","tag-movimiento-rc5"],"jetpack_featured_media_url":"https:\/\/radiocresatelital.com\/wp-content\/uploads\/2025\/08\/WhatsApp-Image-2025-08-25-at-22.21.57.jpeg","jetpack_sharing_enabled":true,"_links":{"self":[{"href":"https:\/\/radiocresatelital.com\/index.php?rest_route=\/wp\/v2\/posts\/34667","targetHints":{"allow":["GET"]}}],"collection":[{"href":"https:\/\/radiocresatelital.com\/index.php?rest_route=\/wp\/v2\/posts"}],"about":[{"href":"https:\/\/radiocresatelital.com\/index.php?rest_route=\/wp\/v2\/types\/post"}],"author":[{"embeddable":true,"href":"https:\/\/radiocresatelital.com\/index.php?rest_route=\/wp\/v2\/users\/2"}],"replies":[{"embeddable":true,"href":"https:\/\/radiocresatelital.com\/index.php?rest_route=%2Fwp%2Fv2%2Fcomments&post=34667"}],"version-history":[{"count":1,"href":"https:\/\/radiocresatelital.com\/index.php?rest_route=\/wp\/v2\/posts\/34667\/revisions"}],"predecessor-version":[{"id":34669,"href":"https:\/\/radiocresatelital.com\/index.php?rest_route=\/wp\/v2\/posts\/34667\/revisions\/34669"}],"wp:featuredmedia":[{"embeddable":true,"href":"https:\/\/radiocresatelital.com\/index.php?rest_route=\/wp\/v2\/media\/34668"}],"wp:attachment":[{"href":"https:\/\/radiocresatelital.com\/index.php?rest_route=%2Fwp%2Fv2%2Fmedia&parent=34667"}],"wp:term":[{"taxonomy":"category","embeddable":true,"href":"https:\/\/radiocresatelital.com\/index.php?rest_route=%2Fwp%2Fv2%2Fcategories&post=34667"},{"taxonomy":"post_tag","embeddable":true,"href":"https:\/\/radiocresatelital.com\/index.php?rest_route=%2Fwp%2Fv2%2Ftags&post=34667"}],"curies":[{"name":"wp","href":"https:\/\/api.w.org\/{rel}","templated":true}]}}