{"id":34647,"date":"2025-08-26T02:56:31","date_gmt":"2025-08-26T02:56:31","guid":{"rendered":"https:\/\/radiocresatelital.com\/?p=34647"},"modified":"2025-08-26T14:47:03","modified_gmt":"2025-08-26T14:47:03","slug":"venezuela-despliega-15-mil-militares-en-la-frontera-con-colombia-en-medio-de-tensiones-internacionales","status":"publish","type":"post","link":"https:\/\/radiocresatelital.com\/?p=34647","title":{"rendered":"Venezuela despliega 15 mil militares en la frontera con Colombia en medio de tensiones internacionales"},"content":{"rendered":"<p>Colombia -. El ministro de Interior y Justicia de Venezuela, Diosdado Cabello, anunci\u00f3 este lunes un amplio despliegue de tropas y equipos para \u201cresguardar la frontera\u201d con Colombia, especialmente en los estados Zulia y T\u00e1chira, designados por el Gobierno chavista como \u201cZona de Paz 1\u201d. Seg\u00fan precis\u00f3, m\u00e1s de 15.000 hombres y mujeres ser\u00e1n enviados con apoyo de veh\u00edculos, aeronaves, drones y otros recursos de seguridad y combate. Cabello agreg\u00f3 que desde hace meses operan en la regi\u00f3n las Unidades de Reacci\u00f3n R\u00e1pida de las Fuerzas Armadas, pelotones preparados como parte del \u201csistema defensivo territorial\u201d.<\/p>\n<p>El alto funcionario, considerado el hombre fuerte del r\u00e9gimen de Nicol\u00e1s Maduro, advirti\u00f3 que quienes tengan v\u00ednculos con bandas criminales deber\u00e1n asumir su responsabilidad. \u201cEn este momento hay operativos y estamos destruyendo campamentos que intentan instalar desde el lado colombiano\u201d, se\u00f1al\u00f3.<\/p>\n<p>Cabello present\u00f3 esta ofensiva como parte de la creaci\u00f3n de una \u201cuni\u00f3n popular, militar y policial\u201d para enfrentar amenazas internas y externas. La estrategia incluye comandos integrados de inteligencia y redes de vigilancia comunitaria con militantes del Partido Socialista Unido de Venezuela (PSUV).<\/p>\n<p>Asimismo, destac\u00f3 la colaboraci\u00f3n del Gobierno colombiano y dijo que la administraci\u00f3n de Gustavo Petro mostr\u00f3 disposici\u00f3n para actuar de forma conjunta. \u201cSe les inform\u00f3 sobre las operaciones y mostraron su agrado. Es parte de tener un vecino con el cual t\u00fa puedes hablar\u201d, afirm\u00f3. Petro, por su parte, reiter\u00f3 en la red X que \u201cno existe el cartel de los soles\u201d, como lo acusa Estados Unidos.<\/p>\n<p>El despliegue coincide con la llegada de buques estadounidenses al Caribe como parte del ejercicio <strong>Unitas<\/strong>, que Washington enmarca en su pol\u00edtica antidrogas. Caracas interpreta esta movilizaci\u00f3n como una amenaza y respondi\u00f3 con un nuevo llamado a alistar milicianos.<\/p>\n<p>El mes pasado, Maduro y Petro firmaron un memorando para crear la primera <strong>zona econ\u00f3mica binacional<\/strong> en el \u00e1rea de frontera, con el fin de atraer inversiones internacionales y coordinar acciones de seguridad. Sin embargo, sectores opositores en Colombia han advertido que la iniciativa se torna m\u00e1s pol\u00e9mica en medio de la tensi\u00f3n militar.<\/p>\n<p>Mientras la oposici\u00f3n venezolana y expresidentes latinoamericanos agrupados en el <strong>Grupo Democracia y Libertad<\/strong> celebran que EE. UU. haya designado al cartel de los soles como organizaci\u00f3n terrorista, el Gobierno colombiano mantiene la v\u00eda diplom\u00e1tica para evitar sanciones de la Casa Blanca.<\/p>\n<p>El escenario aumenta la incertidumbre regional, con voces cr\u00edticas que advierten un riesgo de escalada en la frontera y especulaciones sobre la permanencia de Maduro en el poder.<\/p>\n<p>colaboraci\u00f3n: Xavier Vel\u00e1squez <\/p>\n","protected":false},"excerpt":{"rendered":"<p>Colombia -. El ministro de Interior y Justicia de Venezuela, Diosdado Cabello, anunci\u00f3 este lunes un amplio despliegue de tropas y equipos para \u201cresguardar la frontera\u201d con Colombia, especialmente en los estados Zulia y T\u00e1chira, designados por el Gobierno chavista como \u201cZona de Paz 1\u201d. Seg\u00fan precis\u00f3, m\u00e1s de 15.000 hombres y mujeres ser\u00e1n enviados [&hellip;]<\/p>\n","protected":false},"author":3,"featured_media":34656,"comment_status":"open","ping_status":"closed","sticky":false,"template":"","format":"standard","meta":{"_jetpack_memberships_contains_paid_content":false,"footnotes":""},"categories":[11],"tags":[5515],"class_list":["post-34647","post","type-post","status-publish","format-standard","has-post-thumbnail","hentry","category-noticias-internacionales","tag-tension-america-latina"],"jetpack_featured_media_url":"https:\/\/radiocresatelital.com\/wp-content\/uploads\/2025\/08\/133927841057933843.jpg","jetpack_sharing_enabled":true,"_links":{"self":[{"href":"https:\/\/radiocresatelital.com\/index.php?rest_route=\/wp\/v2\/posts\/34647","targetHints":{"allow":["GET"]}}],"collection":[{"href":"https:\/\/radiocresatelital.com\/index.php?rest_route=\/wp\/v2\/posts"}],"about":[{"href":"https:\/\/radiocresatelital.com\/index.php?rest_route=\/wp\/v2\/types\/post"}],"author":[{"embeddable":true,"href":"https:\/\/radiocresatelital.com\/index.php?rest_route=\/wp\/v2\/users\/3"}],"replies":[{"embeddable":true,"href":"https:\/\/radiocresatelital.com\/index.php?rest_route=%2Fwp%2Fv2%2Fcomments&post=34647"}],"version-history":[{"count":3,"href":"https:\/\/radiocresatelital.com\/index.php?rest_route=\/wp\/v2\/posts\/34647\/revisions"}],"predecessor-version":[{"id":34702,"href":"https:\/\/radiocresatelital.com\/index.php?rest_route=\/wp\/v2\/posts\/34647\/revisions\/34702"}],"wp:featuredmedia":[{"embeddable":true,"href":"https:\/\/radiocresatelital.com\/index.php?rest_route=\/wp\/v2\/media\/34656"}],"wp:attachment":[{"href":"https:\/\/radiocresatelital.com\/index.php?rest_route=%2Fwp%2Fv2%2Fmedia&parent=34647"}],"wp:term":[{"taxonomy":"category","embeddable":true,"href":"https:\/\/radiocresatelital.com\/index.php?rest_route=%2Fwp%2Fv2%2Fcategories&post=34647"},{"taxonomy":"post_tag","embeddable":true,"href":"https:\/\/radiocresatelital.com\/index.php?rest_route=%2Fwp%2Fv2%2Ftags&post=34647"}],"curies":[{"name":"wp","href":"https:\/\/api.w.org\/{rel}","templated":true}]}}