{"id":34622,"date":"2025-08-25T22:08:57","date_gmt":"2025-08-25T22:08:57","guid":{"rendered":"https:\/\/radiocresatelital.com\/?p=34622"},"modified":"2025-08-25T22:08:57","modified_gmt":"2025-08-25T22:08:57","slug":"creciendo-juntas-empodera-a-mujeres-que-cambian-sus-comunidades","status":"publish","type":"post","link":"https:\/\/radiocresatelital.com\/?p=34622","title":{"rendered":"\u201cCreciendo Juntas\u201d empodera a mujeres que cambian sus comunidades"},"content":{"rendered":"<p>Guayaquil.- El liderazgo femenino se consolida como un motor de cambio social, donde la uni\u00f3n y la colaboraci\u00f3n permiten que las mujeres impacten positivamente en sus familias, comunidades y sectores enteros.<\/p>\n<p>Con esa visi\u00f3n, la Direcci\u00f3n de la Mujer del Municipio de Guayaquil impulsa el programa \u201cCreciendo Juntas\u201d, un plan integral de capacitaci\u00f3n dirigido a mujeres l\u00edderes comunitarias. Su prop\u00f3sito es transformar vidas mediante el<br \/>\nautoconocimiento, ayudando a las participantes a redescubrir sus talentos y capacidades para generar un impacto positivo en su entorno.<\/p>\n<p>La directora Andrea Giler destac\u00f3 que \u201cestas mujeres se sumergen en un proceso donde pueden reconciliarse con su historia, abrazar su identidad, descubrir el prop\u00f3sito de su vida y de sus talentos. Son m\u00e1s de 150 mujeres que lideran el autoconocimiento y la autoconfianza\u201d.<\/p>\n<p>Entre las beneficiarias se encuentra Johanna Saltos, madre de tres j\u00f3venes, emprendedora y l\u00edder comunitaria en Mucho Lote 2. Ella cre\u00f3 una red de apoyo que vincula a mil emprendedores y realiza trabajos sociales para asistir a sus vecinos en temas de salud. \u201cMe ha ayudado a poder comprender a otros, no solamente desde mi perspectiva sino de la empat\u00eda de poderlos escuchar, analizarlos y simplemente ver c\u00f3mo ayudar sin prejuzgar\u201d, mencion\u00f3.<\/p>\n<p>\u201cCreciendo Juntas\u201d tiene un enfoque bio-psico-socio-espiritual, promoviendo la autoestima y la confianza para que las mujeres se conviertan en agentes de cambio en sus entornos. Maricela Carranza, otra participante, comparti\u00f3 su experiencia: \u201cEl taller fue una gran bendici\u00f3n y a trav\u00e9s de los talleres de formaci\u00f3n con la municipalidad descubr\u00ed a la mujer que soy. Empec\u00e9 a aceptarme a hacer lo que es mi prop\u00f3sito de vida\u201d.<\/p>\n<p>El programa se ha impartido en sectores como Sergio Toral, Febres Cordero, Monte Sina\u00ed, Mucho Lote, Flor de Basti\u00f3n, Alborada y Sauces, entre otros. Para 2025, se proyecta capacitar a 500 l\u00edderes que continuar\u00e1n fortaleciendo sus comunidades.<\/p>\n<p>Con esta iniciativa, la Alcald\u00eda de Guayaquil reafirma su compromiso con el liderazgo femenino, demostrando que las mujeres son clave para transformar familias y, con ello, la sociedad en general.<\/p>\n","protected":false},"excerpt":{"rendered":"<p>Guayaquil.- El liderazgo femenino se consolida como un motor de cambio social, donde la uni\u00f3n y la colaboraci\u00f3n permiten que las mujeres impacten positivamente en sus familias, comunidades y sectores enteros. Con esa visi\u00f3n, la Direcci\u00f3n de la Mujer del Municipio de Guayaquil impulsa el programa \u201cCreciendo Juntas\u201d, un plan integral de capacitaci\u00f3n dirigido a [&hellip;]<\/p>\n","protected":false},"author":2,"featured_media":34623,"comment_status":"open","ping_status":"closed","sticky":false,"template":"","format":"standard","meta":{"_jetpack_memberships_contains_paid_content":false,"footnotes":""},"categories":[33,13],"tags":[5509,5508,114],"class_list":["post-34622","post","type-post","status-publish","format-standard","has-post-thumbnail","hentry","category-guayaquil","category-noticias-nacionales","tag-creciendo-juntas","tag-direccion-de-la-mujer","tag-municipio-de-guayaquil"],"jetpack_featured_media_url":"https:\/\/radiocresatelital.com\/wp-content\/uploads\/2025\/08\/Mujeres-2.jpeg","jetpack_sharing_enabled":true,"_links":{"self":[{"href":"https:\/\/radiocresatelital.com\/index.php?rest_route=\/wp\/v2\/posts\/34622","targetHints":{"allow":["GET"]}}],"collection":[{"href":"https:\/\/radiocresatelital.com\/index.php?rest_route=\/wp\/v2\/posts"}],"about":[{"href":"https:\/\/radiocresatelital.com\/index.php?rest_route=\/wp\/v2\/types\/post"}],"author":[{"embeddable":true,"href":"https:\/\/radiocresatelital.com\/index.php?rest_route=\/wp\/v2\/users\/2"}],"replies":[{"embeddable":true,"href":"https:\/\/radiocresatelital.com\/index.php?rest_route=%2Fwp%2Fv2%2Fcomments&post=34622"}],"version-history":[{"count":1,"href":"https:\/\/radiocresatelital.com\/index.php?rest_route=\/wp\/v2\/posts\/34622\/revisions"}],"predecessor-version":[{"id":34624,"href":"https:\/\/radiocresatelital.com\/index.php?rest_route=\/wp\/v2\/posts\/34622\/revisions\/34624"}],"wp:featuredmedia":[{"embeddable":true,"href":"https:\/\/radiocresatelital.com\/index.php?rest_route=\/wp\/v2\/media\/34623"}],"wp:attachment":[{"href":"https:\/\/radiocresatelital.com\/index.php?rest_route=%2Fwp%2Fv2%2Fmedia&parent=34622"}],"wp:term":[{"taxonomy":"category","embeddable":true,"href":"https:\/\/radiocresatelital.com\/index.php?rest_route=%2Fwp%2Fv2%2Fcategories&post=34622"},{"taxonomy":"post_tag","embeddable":true,"href":"https:\/\/radiocresatelital.com\/index.php?rest_route=%2Fwp%2Fv2%2Ftags&post=34622"}],"curies":[{"name":"wp","href":"https:\/\/api.w.org\/{rel}","templated":true}]}}