{"id":34545,"date":"2025-08-25T15:01:21","date_gmt":"2025-08-25T15:01:21","guid":{"rendered":"https:\/\/radiocresatelital.com\/?p=34545"},"modified":"2025-08-25T18:30:51","modified_gmt":"2025-08-25T18:30:51","slug":"francia-refuerza-la-seguridad-en-guadalupe-ante-amenaza-del-cartel-de-los-soles","status":"publish","type":"post","link":"https:\/\/radiocresatelital.com\/?p=34545","title":{"rendered":"Francia refuerza la seguridad en Guadalupe ante amenaza del Cartel de los Soles"},"content":{"rendered":"<p>Buenos Aires.- El Gobierno de Francia anunci\u00f3 el despliegue de recursos in\u00e9ditos en Guadalupe para enfrentar la expansi\u00f3n del narcotr\u00e1fico vinculado al Cartel de los Soles, recientemente designado como grupo terrorista por la comunidad internacional.<\/p>\n<p>El ministro de los Territorios de Ultramar, Manuel Valls, confirm\u00f3 el env\u00edo de nuevos escuadrones de gendarmer\u00eda, brigadas n\u00e1uticas, patrullas con drones, un laboratorio bal\u00edstico y 13 investigadores adicionales a la unidad local de la OFAST (Oficina Antiestupefacientes). El objetivo: reforzar la vigilancia de los m\u00e1s de 700 kil\u00f3metros de costa de la isla.<\/p>\n<p>La decisi\u00f3n se produce tras la visita del ministro del Interior, Bruno Retailleau, y en medio de la creciente presi\u00f3n internacional contra el r\u00e9gimen de Nicol\u00e1s Maduro, acusado por Estados Unidos, Ecuador y Paraguay de liderar una estructura criminal transnacional dedicada al narcotr\u00e1fico, lavado de activos y violencia regional.<\/p>\n<p><img decoding=\"async\" class=\"aligncenter\" src=\"https:\/\/www.infobae.com\/resizer\/v2\/A7O2ZNXEBBHRXGGOEXSUTJFWPA.JPG?auth=b076361f0cdc044d82a92a1a6d382ad9a975c67e6df905edcb8beb82b613b0ab&amp;smart=true&amp;width=350&amp;height=233&amp;quality=85\" alt=\"Un cartel que muestra informaci\u00f3n\" \/><\/p>\n<p>Washington ha intensificado su ofensiva con el despliegue de buques del Comando Sur en el Caribe, respaldado por pa\u00edses como Trinidad y Tobago, mientras Francia subraya que no retroceder\u00e1 ante la violencia.<\/p>\n<p>\u201cEstos medios env\u00edan un mensaje claro a los traficantes: tendr\u00e1n frente a ellos a una Francia que nunca cede\u201d, afirm\u00f3 Valls.<\/p>\n<p>La estrategia gala contempla integraci\u00f3n tecnol\u00f3gica, cooperaci\u00f3n internacional y medidas preventivas para evitar que el crimen organizado distorsione el tejido social de Guadalupe. Par\u00eds no descarta nuevas acciones conforme evolucione la situaci\u00f3n regional.<\/p>\n<p><strong>Colaboraci\u00f3n: Xavier Vel\u00e1squez<\/strong><\/p>\n","protected":false},"excerpt":{"rendered":"<p>Buenos Aires.- El Gobierno de Francia anunci\u00f3 el despliegue de recursos in\u00e9ditos en Guadalupe para enfrentar la expansi\u00f3n del narcotr\u00e1fico vinculado al Cartel de los Soles, recientemente designado como grupo terrorista por la comunidad internacional. El ministro de los Territorios de Ultramar, Manuel Valls, confirm\u00f3 el env\u00edo de nuevos escuadrones de gendarmer\u00eda, brigadas n\u00e1uticas, patrullas [&hellip;]<\/p>\n","protected":false},"author":3,"featured_media":34547,"comment_status":"open","ping_status":"closed","sticky":false,"template":"","format":"standard","meta":{"_jetpack_memberships_contains_paid_content":false,"footnotes":""},"categories":[11],"tags":[5493],"class_list":["post-34545","post","type-post","status-publish","format-standard","has-post-thumbnail","hentry","category-noticias-internacionales","tag-america-latina"],"jetpack_featured_media_url":"https:\/\/radiocresatelital.com\/wp-content\/uploads\/2025\/08\/98.webp","jetpack_sharing_enabled":true,"_links":{"self":[{"href":"https:\/\/radiocresatelital.com\/index.php?rest_route=\/wp\/v2\/posts\/34545","targetHints":{"allow":["GET"]}}],"collection":[{"href":"https:\/\/radiocresatelital.com\/index.php?rest_route=\/wp\/v2\/posts"}],"about":[{"href":"https:\/\/radiocresatelital.com\/index.php?rest_route=\/wp\/v2\/types\/post"}],"author":[{"embeddable":true,"href":"https:\/\/radiocresatelital.com\/index.php?rest_route=\/wp\/v2\/users\/3"}],"replies":[{"embeddable":true,"href":"https:\/\/radiocresatelital.com\/index.php?rest_route=%2Fwp%2Fv2%2Fcomments&post=34545"}],"version-history":[{"count":4,"href":"https:\/\/radiocresatelital.com\/index.php?rest_route=\/wp\/v2\/posts\/34545\/revisions"}],"predecessor-version":[{"id":34549,"href":"https:\/\/radiocresatelital.com\/index.php?rest_route=\/wp\/v2\/posts\/34545\/revisions\/34549"}],"wp:featuredmedia":[{"embeddable":true,"href":"https:\/\/radiocresatelital.com\/index.php?rest_route=\/wp\/v2\/media\/34547"}],"wp:attachment":[{"href":"https:\/\/radiocresatelital.com\/index.php?rest_route=%2Fwp%2Fv2%2Fmedia&parent=34545"}],"wp:term":[{"taxonomy":"category","embeddable":true,"href":"https:\/\/radiocresatelital.com\/index.php?rest_route=%2Fwp%2Fv2%2Fcategories&post=34545"},{"taxonomy":"post_tag","embeddable":true,"href":"https:\/\/radiocresatelital.com\/index.php?rest_route=%2Fwp%2Fv2%2Ftags&post=34545"}],"curies":[{"name":"wp","href":"https:\/\/api.w.org\/{rel}","templated":true}]}}