{"id":34506,"date":"2025-08-23T02:33:32","date_gmt":"2025-08-23T02:33:32","guid":{"rendered":"https:\/\/radiocresatelital.com\/?p=34506"},"modified":"2025-08-23T02:33:32","modified_gmt":"2025-08-23T02:33:32","slug":"cobros-ilegales-dentro-de-la-asamblea-nacional-vuelven-a-surgir","status":"publish","type":"post","link":"https:\/\/radiocresatelital.com\/?p=34506","title":{"rendered":"Cobros ilegales dentro de la Asamblea Nacional vuelven a surgir"},"content":{"rendered":"<p>Quito.- Los llamados \u201cdiezmos\u201d vuelven a acechar al Legislativo ecuatoriano, Mishel Mancheno, Primera Vicepresidenta de la Asamblea Nacional y miembro del movimiento ADN, present\u00f3 una denuncia formal ante el Comit\u00e9 de \u00c9tica contra la asamble\u00edsta Nuria Buti\u00f1\u00e1, de Revoluci\u00f3n Ciudadana, acus\u00e1ndola de cobrar parte del sueldo de sus asesores de manera indebida.<\/p>\n<p>Mancheno comparti\u00f3 en su cuenta X, lo siguiente: \u201cdiezmos, amenazas y abusos, eso es lo que no puede repetirse en la Asamblea Nacional\u201d, mostrando al \u00a0ex asesor de Buti\u00f1\u00e1, qui\u00e9n cont\u00f3 que tuvo que entregar parte de su salario, modificar declaraciones juramentadas y soportar amenazas constantes.<\/p>\n<p>Este caso revive un problema recurrente en la pol\u00edtica ecuatoriana, pues en los \u00faltimos a\u00f1os varios legisladores han sido sancionados por pr\u00e1cticas similares, como Norma Vallejo (Alianza PAIS), que fue condenada por exigir entre el 10% y el 50% del salario a sus colaboradores; Bella Jim\u00e9nez (ID), con una pena de prisi\u00f3n tras aceptar su responsabilidad en un caso de concusi\u00f3n; Karina Arteaga (Alianza PAIS), sentenciada por exigir pagos para gastos personales, y Mar\u00eda Alejandra Vicu\u00f1a (Alianza PAIS), condenada por pedir aportes a sus asesores durante su per\u00edodo como legisladora.<\/p>\n<p>Con estos antecedentes revelan que la exigencia de \u201cdiezmos\u201d dentro de la Asamblea Nacional ha sido un patr\u00f3n de corrupci\u00f3n que da\u00f1a la confianza en las instituciones.<\/p>\n<p>Una vez m\u00e1s presentan sobre la mesa para las sanciones firmes frenando esta pr\u00e1ctica, asegurando un trabajo limpio y transparente en el Legislativo que ahora denuncia Mancheno contra Buti\u00f1\u00e1.<\/p>\n<p>Ver\u00f3nica Chal\u00e9n Rosas<br \/>\n<a href=\"mailto:vchalenr@unemi.edu.ec\">vchalenr@unemi.edu.ec<\/a><\/p>\n","protected":false},"excerpt":{"rendered":"<p>Quito.- Los llamados \u201cdiezmos\u201d vuelven a acechar al Legislativo ecuatoriano, Mishel Mancheno, Primera Vicepresidenta de la Asamblea Nacional y miembro del movimiento ADN, present\u00f3 una denuncia formal ante el Comit\u00e9 de \u00c9tica contra la asamble\u00edsta Nuria Buti\u00f1\u00e1, de Revoluci\u00f3n Ciudadana, acus\u00e1ndola de cobrar parte del sueldo de sus asesores de manera indebida. Mancheno comparti\u00f3 en [&hellip;]<\/p>\n","protected":false},"author":2,"featured_media":34507,"comment_status":"open","ping_status":"closed","sticky":false,"template":"","format":"standard","meta":{"_jetpack_memberships_contains_paid_content":false,"footnotes":""},"categories":[13],"tags":[5490],"class_list":["post-34506","post","type-post","status-publish","format-standard","has-post-thumbnail","hentry","category-noticias-nacionales","tag-diezmos-en-asamblea"],"jetpack_featured_media_url":"https:\/\/radiocresatelital.com\/wp-content\/uploads\/2025\/08\/WhatsApp-Image-2025-08-22-at-20.04.35.jpeg","jetpack_sharing_enabled":true,"_links":{"self":[{"href":"https:\/\/radiocresatelital.com\/index.php?rest_route=\/wp\/v2\/posts\/34506","targetHints":{"allow":["GET"]}}],"collection":[{"href":"https:\/\/radiocresatelital.com\/index.php?rest_route=\/wp\/v2\/posts"}],"about":[{"href":"https:\/\/radiocresatelital.com\/index.php?rest_route=\/wp\/v2\/types\/post"}],"author":[{"embeddable":true,"href":"https:\/\/radiocresatelital.com\/index.php?rest_route=\/wp\/v2\/users\/2"}],"replies":[{"embeddable":true,"href":"https:\/\/radiocresatelital.com\/index.php?rest_route=%2Fwp%2Fv2%2Fcomments&post=34506"}],"version-history":[{"count":1,"href":"https:\/\/radiocresatelital.com\/index.php?rest_route=\/wp\/v2\/posts\/34506\/revisions"}],"predecessor-version":[{"id":34508,"href":"https:\/\/radiocresatelital.com\/index.php?rest_route=\/wp\/v2\/posts\/34506\/revisions\/34508"}],"wp:featuredmedia":[{"embeddable":true,"href":"https:\/\/radiocresatelital.com\/index.php?rest_route=\/wp\/v2\/media\/34507"}],"wp:attachment":[{"href":"https:\/\/radiocresatelital.com\/index.php?rest_route=%2Fwp%2Fv2%2Fmedia&parent=34506"}],"wp:term":[{"taxonomy":"category","embeddable":true,"href":"https:\/\/radiocresatelital.com\/index.php?rest_route=%2Fwp%2Fv2%2Fcategories&post=34506"},{"taxonomy":"post_tag","embeddable":true,"href":"https:\/\/radiocresatelital.com\/index.php?rest_route=%2Fwp%2Fv2%2Ftags&post=34506"}],"curies":[{"name":"wp","href":"https:\/\/api.w.org\/{rel}","templated":true}]}}