{"id":34499,"date":"2025-08-23T02:20:42","date_gmt":"2025-08-23T02:20:42","guid":{"rendered":"https:\/\/radiocresatelital.com\/?p=34499"},"modified":"2025-08-23T02:20:42","modified_gmt":"2025-08-23T02:20:42","slug":"visita-oficial-de-representantes-del-sector-privado-de-ecuador-a-washington-d-c-refuerza-gestion-para-la-reduccion-de-la-sobretasa-arancelaria","status":"publish","type":"post","link":"https:\/\/radiocresatelital.com\/?p=34499","title":{"rendered":"Visita Oficial de Representantes del Sector Privado de Ecuador a Washington D.C. refuerza gesti\u00f3n para la reducci\u00f3n de la sobretasa arancelaria"},"content":{"rendered":"<p>Washington.- La Federaci\u00f3n Ecuatoriana de Exportadores (FEDEXPOR), la C\u00e1mara de Comercio Ecuatoriano Americana (AMCHAM), el Comit\u00e9 Empresarial Ecuatoriano, la C\u00e1mara Nacional de Acuacultura, la Asociaci\u00f3n Nacional de Productores y Exportadores de Flores del Ecuador (Expoflores) y otros gremios exportadores realizaron una visita a Estados Unidos.<\/p>\n<p>El prop\u00f3sito fue evidenciar la coordinaci\u00f3n que existe entre el sector privado y su apoyo, al esfuerzo del Gobierno del Ecuador, responsable de la negociaci\u00f3n hacia la reducci\u00f3n de la sobretasa arancelaria del 15%.<\/p>\n<p>Durante la visita, los representantes empresariales sostuvieron reuniones de alto nivel con el Departamento de Estado, el Departamento de Comercio y la Oficina del Representante Comercial de los Estados Unidos (USTR, por sus siglas en ingl\u00e9s).<\/p>\n<p>En los encuentros, se subray\u00f3 la importancia del comercio bilateral con Estados Unidos para el Ecuador, como un mecanismo que fortalece la seguridad en zonas rurales, genera empleo con ingresos sostenibles y asegura productos de calidad que cumplen los est\u00e1ndares del mercado norteamericano.<\/p>\n<p>Los resultados del proceso ser\u00e1n anunciados por las autoridades conforme progresen las conversaciones. Paralelamente, el sector exportador mira con optimismo que las negociaciones entren en una etapa decisiva, en la cual se garantice un acceso competitivo de la oferta exportable ecuatoriana frente a sus principales competidores de la regi\u00f3n.<\/p>\n","protected":false},"excerpt":{"rendered":"<p>Washington.- La Federaci\u00f3n Ecuatoriana de Exportadores (FEDEXPOR), la C\u00e1mara de Comercio Ecuatoriano Americana (AMCHAM), el Comit\u00e9 Empresarial Ecuatoriano, la C\u00e1mara Nacional de Acuacultura, la Asociaci\u00f3n Nacional de Productores y Exportadores de Flores del Ecuador (Expoflores) y otros gremios exportadores realizaron una visita a Estados Unidos. El prop\u00f3sito fue evidenciar la coordinaci\u00f3n que existe entre el [&hellip;]<\/p>\n","protected":false},"author":2,"featured_media":34500,"comment_status":"open","ping_status":"closed","sticky":false,"template":"","format":"standard","meta":{"_jetpack_memberships_contains_paid_content":false,"footnotes":""},"categories":[13],"tags":[3159,3901],"class_list":["post-34499","post","type-post","status-publish","format-standard","has-post-thumbnail","hentry","category-noticias-nacionales","tag-camara-de-comercio-ecuatoriano-americana","tag-federacion-ecuatoriana-de-exportadores"],"jetpack_featured_media_url":"https:\/\/radiocresatelital.com\/wp-content\/uploads\/2025\/08\/WhatsApp-Image-2025-08-22-at-20.24.41.jpeg","jetpack_sharing_enabled":true,"_links":{"self":[{"href":"https:\/\/radiocresatelital.com\/index.php?rest_route=\/wp\/v2\/posts\/34499","targetHints":{"allow":["GET"]}}],"collection":[{"href":"https:\/\/radiocresatelital.com\/index.php?rest_route=\/wp\/v2\/posts"}],"about":[{"href":"https:\/\/radiocresatelital.com\/index.php?rest_route=\/wp\/v2\/types\/post"}],"author":[{"embeddable":true,"href":"https:\/\/radiocresatelital.com\/index.php?rest_route=\/wp\/v2\/users\/2"}],"replies":[{"embeddable":true,"href":"https:\/\/radiocresatelital.com\/index.php?rest_route=%2Fwp%2Fv2%2Fcomments&post=34499"}],"version-history":[{"count":1,"href":"https:\/\/radiocresatelital.com\/index.php?rest_route=\/wp\/v2\/posts\/34499\/revisions"}],"predecessor-version":[{"id":34501,"href":"https:\/\/radiocresatelital.com\/index.php?rest_route=\/wp\/v2\/posts\/34499\/revisions\/34501"}],"wp:featuredmedia":[{"embeddable":true,"href":"https:\/\/radiocresatelital.com\/index.php?rest_route=\/wp\/v2\/media\/34500"}],"wp:attachment":[{"href":"https:\/\/radiocresatelital.com\/index.php?rest_route=%2Fwp%2Fv2%2Fmedia&parent=34499"}],"wp:term":[{"taxonomy":"category","embeddable":true,"href":"https:\/\/radiocresatelital.com\/index.php?rest_route=%2Fwp%2Fv2%2Fcategories&post=34499"},{"taxonomy":"post_tag","embeddable":true,"href":"https:\/\/radiocresatelital.com\/index.php?rest_route=%2Fwp%2Fv2%2Ftags&post=34499"}],"curies":[{"name":"wp","href":"https:\/\/api.w.org\/{rel}","templated":true}]}}