{"id":34496,"date":"2025-08-23T00:00:08","date_gmt":"2025-08-23T00:00:08","guid":{"rendered":"https:\/\/radiocresatelital.com\/?p=34496"},"modified":"2025-08-23T00:00:08","modified_gmt":"2025-08-23T00:00:08","slug":"la-ciudad-apuesta-por-parques-sin-barreras-y-mas-cercanos-a-la-gente","status":"publish","type":"post","link":"https:\/\/radiocresatelital.com\/?p=34496","title":{"rendered":"La ciudad apuesta por parques sin barreras y m\u00e1s cercanos a la gente"},"content":{"rendered":"<p>Guayaquil.- El Municipio de Guayaquil, a trav\u00e9s de la empresa p\u00fablica Parques EP, avanza con el retiro progresivo de rejas en jardineras de distintos espacios verdes de la ciudad. Esta acci\u00f3n forma parte de una estrategia de revitalizaci\u00f3n urbana que busca realzar el entorno paisaj\u00edstico y fomentar una conexi\u00f3n m\u00e1s cercana entre la comunidad y sus \u00e1reas verdes.<\/p>\n<p>En varios sectores, las estructuras met\u00e1licas hab\u00edan representado una barrera visual que limitaba la apreciaci\u00f3n de jardines, dise\u00f1os ornamentales y dem\u00e1s intervenciones que realzan el paisaje urbano. Con esta acci\u00f3n se fomenta una integraci\u00f3n arm\u00f3nica entre los espacios verdes y su entorno inmediato, incentivando su uso y disfrute por parte de los ciudadanos.<\/p>\n<p>Uno de los lugares recientemente intervenidos es el \u00e1rea verde ubicada en la Av. Luis Plaza Da\u00f1in. All\u00ed, adem\u00e1s del retiro de rejas, se realizaron trabajos de pintura, mantenimiento y siembra de especies vegetales bajas, como c\u00e9sped y cubresuelos, que refuerzan el contorno verde y garantizan su conservaci\u00f3n a largo plazo.<\/p>\n<p><img decoding=\"async\" class=\"aligncenter\" src=\"https:\/\/guayaquil.gob.ec\/wp-content\/uploads\/2025\/08\/ciudad-apuesta-parques-sin-barreras-mas-cercanos-gente6-768x575.jpg\" alt=\"Ganadores de Retos Ambientales llevan la innovaci\u00f3n a soluciones  sostenibles \u2013 Alcald\u00eda de Guayaquil\" \/><br \/>\nLa iniciativa ya ha generado resultados positivos en diversos puntos de la ciudad, entre ellos:<br \/>\n\u2022 Benjam\u00edn Carri\u00f3n y Juan Tanca Marengo, junto al Liceo Cristiano<br \/>\n\u2022 Juan Tanca Marengo y Las Aguas, frente al colegio Esp\u00edritu Santo<br \/>\n\u2022 Plaza Franklin Verduga, frente al colegio Aguirre Abad<br \/>\n\u2022 Av. de las Am\u00e9ricas, monumento de la Madre, frente al colegio Sim\u00f3n Bol\u00edvar<br \/>\n\u2022 Av. Machala y Brasil, frente al colegio Guayaquil<br \/>\n\u2022 Av. 25 de Julio y Guatemala<br \/>\n\u2022 Skate park \u2013 jardineras perimetrales<br \/>\n\u2022 Av. Benjam\u00edn Rosales y Las Am\u00e9ricas, frente al Roc\u00f3dromo<br \/>\n\u2022 Av. Francisco de Orellana y Plaza Da\u00f1in, frente a la CGE<br \/>\n\u2022 Guayas y Quil \u2013 jardineras perimetrales<br \/>\n\u2022 Av. Rodr\u00edguez Bonin<br \/>\n\u2022 Av. del Periodista y Kennedy, diagonal al Colegio de Arquitectos del Guayas<br \/>\n\u2022 Av. Delta y Tungurahua<br \/>\n\u2022 Av. Las Aguas, frente a la FEF<br \/>\n\u2022 Av. Plaza Da\u00f1in y Cosme Renella, junto al aeropuerto<br \/>\n\u2022 Av. Plaza Da\u00f1in y Av. de las Am\u00e9ricas<br \/>\n\u2022 Av. Eduardo Sol\u00e1 Franco<\/p>\n<p>Con estas intervenciones, Parques EP reafirma su compromiso con el desarrollo sostenible, la seguridad y el embellecimiento de Guayaquil, trabajando por espacios m\u00e1s accesibles, inclusivos y funcionales para el disfrute de toda la ciudadan\u00eda.<\/p>\n","protected":false},"excerpt":{"rendered":"<p>Guayaquil.- El Municipio de Guayaquil, a trav\u00e9s de la empresa p\u00fablica Parques EP, avanza con el retiro progresivo de rejas en jardineras de distintos espacios verdes de la ciudad. Esta acci\u00f3n forma parte de una estrategia de revitalizaci\u00f3n urbana que busca realzar el entorno paisaj\u00edstico y fomentar una conexi\u00f3n m\u00e1s cercana entre la comunidad y [&hellip;]<\/p>\n","protected":false},"author":2,"featured_media":34497,"comment_status":"open","ping_status":"closed","sticky":false,"template":"","format":"standard","meta":{"_jetpack_memberships_contains_paid_content":false,"footnotes":""},"categories":[33,13],"tags":[114],"class_list":["post-34496","post","type-post","status-publish","format-standard","has-post-thumbnail","hentry","category-guayaquil","category-noticias-nacionales","tag-municipio-de-guayaquil"],"jetpack_featured_media_url":"https:\/\/radiocresatelital.com\/wp-content\/uploads\/2025\/08\/ciudad-apuesta-parques-sin-barreras-mas-cercanos-gente9.jpg","jetpack_sharing_enabled":true,"_links":{"self":[{"href":"https:\/\/radiocresatelital.com\/index.php?rest_route=\/wp\/v2\/posts\/34496","targetHints":{"allow":["GET"]}}],"collection":[{"href":"https:\/\/radiocresatelital.com\/index.php?rest_route=\/wp\/v2\/posts"}],"about":[{"href":"https:\/\/radiocresatelital.com\/index.php?rest_route=\/wp\/v2\/types\/post"}],"author":[{"embeddable":true,"href":"https:\/\/radiocresatelital.com\/index.php?rest_route=\/wp\/v2\/users\/2"}],"replies":[{"embeddable":true,"href":"https:\/\/radiocresatelital.com\/index.php?rest_route=%2Fwp%2Fv2%2Fcomments&post=34496"}],"version-history":[{"count":1,"href":"https:\/\/radiocresatelital.com\/index.php?rest_route=\/wp\/v2\/posts\/34496\/revisions"}],"predecessor-version":[{"id":34498,"href":"https:\/\/radiocresatelital.com\/index.php?rest_route=\/wp\/v2\/posts\/34496\/revisions\/34498"}],"wp:featuredmedia":[{"embeddable":true,"href":"https:\/\/radiocresatelital.com\/index.php?rest_route=\/wp\/v2\/media\/34497"}],"wp:attachment":[{"href":"https:\/\/radiocresatelital.com\/index.php?rest_route=%2Fwp%2Fv2%2Fmedia&parent=34496"}],"wp:term":[{"taxonomy":"category","embeddable":true,"href":"https:\/\/radiocresatelital.com\/index.php?rest_route=%2Fwp%2Fv2%2Fcategories&post=34496"},{"taxonomy":"post_tag","embeddable":true,"href":"https:\/\/radiocresatelital.com\/index.php?rest_route=%2Fwp%2Fv2%2Ftags&post=34496"}],"curies":[{"name":"wp","href":"https:\/\/api.w.org\/{rel}","templated":true}]}}